{"id":161,"date":"2018-04-25T05:58:34","date_gmt":"2018-04-25T05:58:34","guid":{"rendered":"http:\/\/www.autojawaklub.cz\/?p=161"},"modified":"2018-04-26T09:27:56","modified_gmt":"2018-04-26T09:27:56","slug":"kvasiny-2018","status":"publish","type":"post","link":"https:\/\/www.autojawaklub.cz\/index.php\/2018\/04\/25\/kvasiny-2018\/","title":{"rendered":"KVASINY 2018"},"content":{"rendered":"<p>V\u00e1\u017een\u00ed kolegov\u00e9,<br \/>\nzima utekla a je na \u010dase n\u011bco d\u011blat. Dle programu, kter\u00fd jsme si schv\u00e1lili na lo\u0148sk\u00e9 z\u00e1v\u011bre\u010dn\u00e9 sch\u016fzi klubu,<br \/>\njsou prvn\u00ed na\u0161\u00ed spole\u010dnou akc\u00ed KVASINY 2018. S pan\u00ed Kl\u00edmovou jsme odsouhlasili navr\u017een\u00fd term\u00edn 10.6.2018.<br \/>\nStejn\u011b jako loni jsme pozv\u00e1ni den p\u0159edt\u00edm, tj. v sobotu 9.6.2018 na Setk\u00e1n\u00ed p\u0159\u00e1tel JAWY do Ledc\u016f \/jak v\u00edte, do t\u00e9to vesnice nyn\u00ed pat\u0159\u00ed Kl\u00e1\u0161ter nad D\u011bdinou, m\u00edsto narozen\u00ed ing. Franti\u0161ka Jane\u010dka\/. Sejdeme se tedy v sobotu jako v\u017edy ve 14.00 hod. na n\u00e1m\u011bst\u00ed v T\u0159ebechovic\u00edch a odsud vyraz\u00edme asi v p\u016fl t\u0159et\u00ed do Ledc\u016f, kde budeme o\u010dek\u00e1v\u00e1ni cca<br \/>\nv 15.00 hod. Asi ve \u010dty\u0159i hodiny akce kon\u010d\u00ed n\u011bjakou j\u00edzdou, my v\u0161ak pojedeme pouze na rodn\u00fd statek Ing. Fr. Jane\u010dka, kde polo\u017e\u00edme kv\u011btiny k pam\u011btn\u00ed desce. Znovu p\u0159ipom\u00edn\u00e1m, \u017ee letos to je 140 let od narozen\u00ed ing Fr. Jane\u010dka. Pak bychom se m\u011bli ubytovat v penzionu Statek u Kynos\u016f , kde m\u00e1me zaji\u0161t\u011bn nocleh. Na dvo\u0159e statku je dostatek m\u00edsta pro zaparkov\u00e1n\u00ed aut i doprovodn\u00fdch vozidel. Pros\u00edm o sd\u011blen\u00ed kdo p\u0159ijede a kdo bude sp\u00e1t abych mohl up\u0159esnit po\u010det pot\u0159ebn\u00fdch l\u016f\u017eek, d\u011bkuji.<br \/>\nV ned\u011bli r\u00e1no po sn\u00eddani odjedeme do Kvasin, s ostatn\u00edmi se sejdeme o p\u016fl des\u00e1t\u00e9 na parkovi\u0161ti p\u0159ed automobilkou a v deset bychom m\u011bli dorazit na z\u00e1mek. Tam v\u00fdstava \/na z\u00e1v\u011br tane\u010dek s pan\u00ed hrab\u011bnkou, Jarda Balcar p\u0159ijede v civilu, jeho Sodomka je ji\u017e v muzeu ve Vysok\u00e9m M\u00fdt\u011b\/ a v poledne kr\u00e1tk\u00e1 j\u00edzda a potom odjezd do na\u0161ich domov\u016f.<br \/>\nAkce Ledce a Kvasiny najdete v term\u00ednech na str\u00e1nk\u00e1ch i-veteran.cz, pro obhl\u00e9dnut\u00ed ubytov\u00e1n\u00ed sta\u010d\u00ed zadat do vyhledava\u010de Penzion Statek u Kynos\u016f.<br \/>\nNa z\u00e1v\u011bre\u010dn\u00e9 sch\u016fzi jsme doporu\u010dili \u00fa\u010dast na srpnov\u00e9 akci v Litomy\u0161li, n\u011bkte\u0159\u00ed se cht\u011bj\u00ed z\u00fa\u010dastnit, zat\u00edm nen\u00ed nic dohodnuto, v p\u0159\u00edpad\u011b, \u017ee se to poda\u0159\u00ed d\u00e1m v\u010das v\u011bd\u011bt \/term\u00edn viz i-veteran.cz\/.<br \/>\nSetk\u00e1n\u00ed na z\u00e1v\u011br sezony pl\u00e1nujeme na z\u00e1\u0159\u00ed, podrobnosti v\u00e1m sd\u011bl\u00edm v Kvasin\u00e1ch a ostatn\u00edm jako v\u017edy emailem.<br \/>\nSrde\u010dn\u011b zdrav\u00ed Jarda Antoni.<\/p>\n","protected":false},"excerpt":{"rendered":"<p>V\u00e1\u017een\u00ed kolegov\u00e9, zima utekla a je na \u010dase n\u011bco d\u011blat. Dle programu, kter\u00fd jsme si schv\u00e1lili na lo\u0148sk\u00e9 z\u00e1v\u011bre\u010dn\u00e9 sch\u016fzi klubu, jsou prvn\u00ed na\u0161\u00ed spole\u010dnou akc\u00ed KVASINY 2018. S pan\u00ed Kl\u00edmovou jsme odsouhlasili navr\u017een\u00fd term\u00edn 10.6.2018. Stejn\u011b jako loni jsme pozv\u00e1ni den p\u0159edt\u00edm, tj. v sobotu 9.6.2018 na Setk\u00e1n\u00ed p\u0159\u00e1tel JAWY do Ledc\u016f \/jak v\u00edte, &hellip; <a href=\"https:\/\/www.autojawaklub.cz\/index.php\/2018\/04\/25\/kvasiny-2018\/\" class=\"more-link\">Pokra\u010dovat ve \u010dten\u00ed<span class=\"screen-reader-text\"> &#8222;KVASINY 2018&#8220;<\/span><\/a><\/p>\n","protected":false},"author":1,"featured_media":0,"comment_status":"open","ping_status":"open","sticky":false,"template":"","format":"standard","meta":{"ngg_post_thumbnail":0,"footnotes":""},"categories":[1],"tags":[],"class_list":["post-161","post","type-post","status-publish","format-standard","hentry","category-uncategorized"],"_links":{"self":[{"href":"https:\/\/www.autojawaklub.cz\/index.php\/wp-json\/wp\/v2\/posts\/161","targetHints":{"allow":["GET"]}}],"collection":[{"href":"https:\/\/www.autojawaklub.cz\/index.php\/wp-json\/wp\/v2\/posts"}],"about":[{"href":"https:\/\/www.autojawaklub.cz\/index.php\/wp-json\/wp\/v2\/types\/post"}],"author":[{"embeddable":true,"href":"https:\/\/www.autojawaklub.cz\/index.php\/wp-json\/wp\/v2\/users\/1"}],"replies":[{"embeddable":true,"href":"https:\/\/www.autojawaklub.cz\/index.php\/wp-json\/wp\/v2\/comments?post=161"}],"version-history":[{"count":1,"href":"https:\/\/www.autojawaklub.cz\/index.php\/wp-json\/wp\/v2\/posts\/161\/revisions"}],"predecessor-version":[{"id":162,"href":"https:\/\/www.autojawaklub.cz\/index.php\/wp-json\/wp\/v2\/posts\/161\/revisions\/162"}],"wp:attachment":[{"href":"https:\/\/www.autojawaklub.cz\/index.php\/wp-json\/wp\/v2\/media?parent=161"}],"wp:term":[{"taxonomy":"category","embeddable":true,"href":"https:\/\/www.autojawaklub.cz\/index.php\/wp-json\/wp\/v2\/categories?post=161"},{"taxonomy":"post_tag","embeddable":true,"href":"https:\/\/www.autojawaklub.cz\/index.php\/wp-json\/wp\/v2\/tags?post=161"}],"curies":[{"name":"wp","href":"https:\/\/api.w.org\/{rel}","templated":true}]}}