{"id":175,"date":"2018-06-19T07:42:30","date_gmt":"2018-06-19T07:42:30","guid":{"rendered":"http:\/\/www.autojawaklub.cz\/?p=175"},"modified":"2018-06-28T13:24:03","modified_gmt":"2018-06-28T13:24:03","slug":"na-1000-mil-ceskoslovenskych-dojely-oba-vozy-jawa-minor-to-se-musi-oslavit","status":"publish","type":"post","link":"https:\/\/www.autojawaklub.cz\/index.php\/2018\/06\/19\/na-1000-mil-ceskoslovenskych-dojely-oba-vozy-jawa-minor-to-se-musi-oslavit\/","title":{"rendered":"NA 1000 Mil \u010ceskoslovensk\u00fdch dojely oba vozy Jawa Minor!!!!! To se mus\u00ed oslavit."},"content":{"rendered":"<p>&nbsp;<\/p>\n<p><img loading=\"lazy\" decoding=\"async\" class=\"alignnone wp-image-181\" src=\"http:\/\/www.autojawaklub.cz\/wp-content\/uploads\/2018\/06\/jawa4-150x150.jpg\" alt=\"\" width=\"398\" height=\"398\" \/><\/p>\n<p>&nbsp;<\/p>\n<p>&nbsp;<\/p>\n<p>V\u00e1\u017een\u00ed p\u0159\u00e1tel\u00e9 sen Ivana Ne\u010des\u00e1nka se stal skute\u010dnost\u00ed,<\/p>\n<p>rok se s rokem se\u0161el a op\u011bt p\u0159i\u0161la v\u00fdzva pro milovn\u00edky automobil\u016f zna\u010dky JAWA.<\/p>\n<p>V jubilejn\u00edm roce 100. v\u00fdro\u010d\u00ed vzniku samostatn\u00e9 \u010ceskoslovensk\u00e9 republiky po\u0159\u00e1dal VCC Praha\u00a0 za podpory Autoklubu \u010cesk\u00e9 republiky spolu se Slovensk\u00fdmi partnery\u00a0 sout\u011b\u017e historick\u00fdch vozidel pro opravdov\u00e9 sportsmany &#8211; 1.000 mil \u010deskoslovensk\u00fdch 2018 a to ve dnech 14. -16.6.2018<\/p>\n<p>Po \u00fasp\u011b\u0161n\u00e9 representaci zna\u010dky a AUTOJAWAKLUBU v roce 2017 p\u00e1ny Antonim a Ne\u010des\u00e1nkem, na voze JAWA Minor roadster,\u00a0 chopil se t\u00e9to v\u00fdzvy Ivan Ne\u010des\u00e1nek, vyvedl na start tohoto z\u00e1vodu jako representanta zna\u010dky jeho obdivuhodnou\u00a0 \u010dervenou limusinu JAWA Minor I.\u00a0 V\u00a0 pohod\u011b, spolu se synem Michalem, absolvovali sout\u011b\u017e v celkov\u00e9 d\u00e9lce 1.100 km,\u00a0 stanovenou pr\u016fm\u011brnou rychlost\u00ed 45 km\/hod.<\/p>\n<p>Jako nejslab\u0161\u00ed automobil, kter\u00fd dojel cel\u00fd z\u00e1vod,\u00a0 jak kubaturou tak i v\u00fdkonem,\u00a0 absolvovala JAWA\u00a0 celou sout\u011b\u017e se ct\u00ed, podstatnou \u010d\u00e1st\u00a0 cel\u00e9 trasy v \u010dele pelotonu t\u00e9m\u011b\u0159 stovky automobil\u016f jejich\u017e v\u00fdkon v HP byl a\u017e nesrovnateln\u00fd.\u00a0 Bez jedin\u00e9 poruchy, rychlost\u00ed, je\u017e dosahovala m\u00edsty i 90 km\/hod srdnat\u011b zdol\u00e1vala tra\u0165 v\u0161ech t\u0159\u00ed etap z\u00e1vodu. Vyslou\u017eila si obdiv nejen p\u0159ihl\u00ed\u017eej\u00edc\u00edch, ale i p\u0159\u00e1tel-soupe\u0159\u016f v pelotonu sout\u011b\u017e\u00edc\u00edch.<\/p>\n<p>Tato skute\u010dnost byla nav\u00edc umocn\u011bna \u00fa\u010dast\u00ed druh\u00e9ho automobilu JAWA 600, v proveden\u00ed roadster, kter\u00e9 \u0159\u00eddil pan Ji\u0159\u00ed P\u0159\u00edhoda kter\u00fd byl uvoln\u011bn z expon\u00e1tu ze sb\u00edrek NTM. Nejsou je\u0161t\u011b k dispozici kompletn\u00ed v\u00fdsledky. Na stupn\u011b v\u00edt\u011bz\u016f JAWA nedos\u00e1hla. Silou a umem soupe\u0159\u016f, mo\u017en\u00e1 drobnou naviga\u010dn\u00ed chybou, nebo &#8230; To nen\u00ed podstatn\u00e9. Oba vozy JAWA Minor sout\u011b\u017e dokon\u010dily a to je to prav\u00e9 v\u00edt\u011bzstv\u00ed.<\/p>\n<p>V tomto p\u0159\u00edpad\u011b je obdivuhodn\u00e1 kvalita pr\u00e1ce \u010desk\u00fdch rukou, kter\u00e9 v meziv\u00e1le\u010dn\u00fdch letech vyrobily automobil, kter\u00fd byl lidov\u00fdm, dostupn\u00fdm\u00a0 v\u00fdrobkem pro dopravu\u00a0 osob, v cen\u011b motocyklu se sidecarem a po t\u00e9m\u011b\u0159 osmdes\u00e1ti letech tento stroj zdatn\u011b proh\u00e1n\u00ed nesrovnateln\u011b siln\u011bj\u0161\u00ed soupe\u0159e.<\/p>\n<p>Nutno je\u0161t\u011b poznamenat, \u017ee nejen kvalita rukou v roce 1939, ale tak\u00e9 mnohoden\u00ed p\u0159\u00edprava, oprava a testov\u00e1n\u00ed vozu samotn\u00fdm panem Ivanem Ne\u010des\u00e1nkem p\u0159inesla ovoce.<\/p>\n<p>Celkov\u00fd n\u00e1jezd kilometr\u016f &#8211; 13.6.2018\u00a0 \u00a0dojezd do Prahy, Autoklub Opletalova , po ose<\/p>\n<p>14.6.2018\u00a0 \u00a06.02 hod start I.etapa Praha &#8211; Bratislava<\/p>\n<p>15.6.2018\u00a0 \u00a08.31 hod start II. etapa po Slovensku<\/p>\n<p>.\u00a0 \u00a0 \u00a0 \u00a0 \u00a0 \u00a0 \u00a0 \u00a0 \u00a0 \u00a0 \u00a0 \u00a0 \u00a0 \u00a0 \u00a0 \u00a0 \u00a0 \u00a0 \u00a0 \u00a0 \u00a0 \u00a0 \u00a0 \u00a016.6.2018\u00a0 7.02 hod start III.etapa Bratislava &#8211; Praha<\/p>\n<p>odjezd po ose k domovu<\/p>\n<p>suma sum\u00e1rum\u00a0 \u00a01.155 km<\/p>\n<p>Pr\u016fm\u011brn\u00e1 spot\u0159eba 7,5 l\/100km<\/p>\n<p>&nbsp;<\/p>\n<p>Ing\u00a0 Franti\u0161ek Jane\u010dek\u00a0 je jist\u011b r\u00e1d&#8230; A d\u00edky, kolegov\u00e9 z NTM, v ro\u010dn\u00edku 2018 byly automobily JAWA Minor opravdu vid\u011bt.<\/p>\n<p>&nbsp;<\/p>\n<p><img loading=\"lazy\" decoding=\"async\" class=\"alignnone wp-image-174\" src=\"http:\/\/www.autojawaklub.cz\/wp-content\/uploads\/2018\/06\/jawa1-150x150.jpg\" alt=\"\" width=\"287\" height=\"287\" \/> <img loading=\"lazy\" decoding=\"async\" class=\"wp-image-173 alignright\" src=\"http:\/\/www.autojawaklub.cz\/wp-content\/uploads\/2018\/06\/jawa2-1-150x150.jpg\" alt=\"\" width=\"281\" height=\"281\" \/><\/p>\n","protected":false},"excerpt":{"rendered":"<p>&nbsp; &nbsp; &nbsp; V\u00e1\u017een\u00ed p\u0159\u00e1tel\u00e9 sen Ivana Ne\u010des\u00e1nka se stal skute\u010dnost\u00ed, rok se s rokem se\u0161el a op\u011bt p\u0159i\u0161la v\u00fdzva pro milovn\u00edky automobil\u016f zna\u010dky JAWA. V jubilejn\u00edm roce 100. v\u00fdro\u010d\u00ed vzniku samostatn\u00e9 \u010ceskoslovensk\u00e9 republiky po\u0159\u00e1dal VCC Praha\u00a0 za podpory Autoklubu \u010cesk\u00e9 republiky spolu se Slovensk\u00fdmi partnery\u00a0 sout\u011b\u017e historick\u00fdch vozidel pro opravdov\u00e9 sportsmany &#8211; 1.000 mil &hellip; <a href=\"https:\/\/www.autojawaklub.cz\/index.php\/2018\/06\/19\/na-1000-mil-ceskoslovenskych-dojely-oba-vozy-jawa-minor-to-se-musi-oslavit\/\" class=\"more-link\">Pokra\u010dovat ve \u010dten\u00ed<span class=\"screen-reader-text\"> &#8222;NA 1000 Mil \u010ceskoslovensk\u00fdch dojely oba vozy Jawa Minor!!!!! To se mus\u00ed oslavit.&#8220;<\/span><\/a><\/p>\n","protected":false},"author":1,"featured_media":0,"comment_status":"open","ping_status":"open","sticky":false,"template":"","format":"standard","meta":{"ngg_post_thumbnail":0,"footnotes":""},"categories":[1],"tags":[],"class_list":["post-175","post","type-post","status-publish","format-standard","hentry","category-uncategorized"],"_links":{"self":[{"href":"https:\/\/www.autojawaklub.cz\/index.php\/wp-json\/wp\/v2\/posts\/175","targetHints":{"allow":["GET"]}}],"collection":[{"href":"https:\/\/www.autojawaklub.cz\/index.php\/wp-json\/wp\/v2\/posts"}],"about":[{"href":"https:\/\/www.autojawaklub.cz\/index.php\/wp-json\/wp\/v2\/types\/post"}],"author":[{"embeddable":true,"href":"https:\/\/www.autojawaklub.cz\/index.php\/wp-json\/wp\/v2\/users\/1"}],"replies":[{"embeddable":true,"href":"https:\/\/www.autojawaklub.cz\/index.php\/wp-json\/wp\/v2\/comments?post=175"}],"version-history":[{"count":4,"href":"https:\/\/www.autojawaklub.cz\/index.php\/wp-json\/wp\/v2\/posts\/175\/revisions"}],"predecessor-version":[{"id":186,"href":"https:\/\/www.autojawaklub.cz\/index.php\/wp-json\/wp\/v2\/posts\/175\/revisions\/186"}],"wp:attachment":[{"href":"https:\/\/www.autojawaklub.cz\/index.php\/wp-json\/wp\/v2\/media?parent=175"}],"wp:term":[{"taxonomy":"category","embeddable":true,"href":"https:\/\/www.autojawaklub.cz\/index.php\/wp-json\/wp\/v2\/categories?post=175"},{"taxonomy":"post_tag","embeddable":true,"href":"https:\/\/www.autojawaklub.cz\/index.php\/wp-json\/wp\/v2\/tags?post=175"}],"curies":[{"name":"wp","href":"https:\/\/api.w.org\/{rel}","templated":true}]}}