{"id":194,"date":"2018-08-16T07:45:50","date_gmt":"2018-08-16T07:45:50","guid":{"rendered":"http:\/\/www.autojawaklub.cz\/?p=194"},"modified":"2018-08-16T07:45:50","modified_gmt":"2018-08-16T07:45:50","slug":"jawy-v-litomysli","status":"publish","type":"post","link":"https:\/\/www.autojawaklub.cz\/index.php\/2018\/08\/16\/jawy-v-litomysli\/","title":{"rendered":"Jawy v Litomy\u0161li"},"content":{"rendered":"<p>&nbsp;<\/p>\n<p>Vzpom\u00ednkov\u00e1 j\u00edzda Eli\u0161ky a \u010ce\u0148ka Junkovi, Litomy\u0161l 10.-12.8.2018<\/p>\n<p>\u010clenov\u00e9 klubu majitel\u016f automobil\u016f Jawa se dohodli s kolegou Petrem Lorencem, spolupo\u0159adatelem v\u00fd\u0161e uveden\u00e9ho podniku, na spole\u010dn\u00e9 \u00fa\u010dasti na tomto podniku. Nelitovali. D\u00edky p\u00e9\u010di organiz\u00e1tor\u016f m\u011bl klub velmi d\u016fstojn\u00e9 stanovi\u0161t\u011b pro vystaven\u00ed na\u0161ich stroj\u016f, tak\u00e9 mo\u017enost spole\u010dn\u00e9ho startu do j\u00edzdy &#8211; z\u00e1vodu seri\u00e1lu v\u00fdb\u011brov\u00fdch akc\u00ed Poh\u00e1ru Federace.<\/p>\n<p>Skaln\u00ed &#8222;dr\u017e\u00e1ci&#8220;, jmenovit\u011b p\u00e1nov\u00e9 : Lorenc \/Jawa kabrio Sodomka\/, V\u00edzek Ctirad\/kabrio + kabrio Sodomka\/, Balcar Jan \/limuz\u00edna\/, Ne\u010des\u00e1nek\u00a0 Ivan \/limuz\u00edna\/, Balcar Jaroslav \/\u00a0 jeho\u017e kr\u00e1sn\u00e1\u00a0 Jawa Sodomka je expon\u00e1tem\u00a0 \u00a0 Musea \u010desk\u00e9ho\u00a0 \u00a0 karos\u00e1\u0159stv\u00ed\u00a0 ve\u00a0 Vysok\u00e9m\u00a0 M\u00fdt\u011b\/,\u00a0 \u00a0v \u010dele s presidentem klubu Ing. Jaroslavem Antonim \/roadster\/, dorazili se sv\u00fdmi spolujezdci, aby h\u00e1jili \u010dest zna\u010dky a klubu. P\u0159ijel i kolega s Jawou 700. Ti nejsrdnat\u011bj\u0161\u00ed p\u0159ijeli po vlastn\u00ed ose. Op\u011bt je t\u0159eba smeknout p\u0159ed Ctiradem\u00a0 V\u00edzkem kter\u00fd to m\u011bl nejd\u00e1l, v \u0159\u00e1dech stovek kilometr\u016f, nav\u00edc nasadil i druh\u00fd automobil s pos\u00e1dkou. Pravda je, \u017ee s okouzluj\u00edc\u00ed pan\u00ed Kate\u0159inou , to se mu to pane jezd\u00ed. Nezb\u00fdv\u00e1 ne\u017e gratulovat a pod\u011bkovat v\u0161em, kte\u0159\u00ed se z\u00fa\u010dastnili.<\/p>\n<p>Cel\u00e1 akce Veter\u00e1n klubu Litomy\u0161l byla velmi poveden\u00e1. Ve v\u0161ech sm\u011brech. Po\u010d\u00ednaje pozv\u00e1nkami, elektronickou komunikac\u00ed a registrac\u00ed, zaji\u0161t\u011bn\u00edm z\u00e1zem\u00ed, ubytov\u00e1n\u00ed, vyty\u010den\u00edm a zaji\u0161t\u011bn\u00edm trati etap, n\u00e1pln\u00ed jednotliv\u00fdch dn\u00ed a ve\u010der\u016f&#8230; Je toho mnoho, co pochv\u00e1lit.<\/p>\n<p>Prost\u0159ed\u00ed Litomy\u0161lsk\u00e9ho z\u00e1mku, Litomy\u0161l sama, Vysok\u00e9 M\u00fdto, Pot\u0161tejn. Tyto kulisy pro veter\u00e1nskou akci jsou jedine\u010dn\u00e9.<\/p>\n<p>A stejn\u011b tak i \u00fa\u010dast \u010destn\u00fdch host\u016f &#8211; ing. Vladim\u00edra Junka syna Eli\u0161ky Junkov\u00e9 a starosty Litomy\u0161le Radomila Ka\u0161para.<\/p>\n<p>Mysl\u00edm, \u017ee v\u0161ichni, kte\u0159\u00ed jsme se \u00fa\u010dastnili t\u00e9to akce, jsme odj\u00ed\u017ed\u011bli spokojeni.<\/p>\n<p><img loading=\"lazy\" decoding=\"async\" class=\"alignnone size-thumbnail wp-image-193\" src=\"http:\/\/www.autojawaklub.cz\/wp-content\/uploads\/2018\/08\/IMG_20180811_215309-150x150.jpg\" alt=\"\" width=\"150\" height=\"150\" \/> <img loading=\"lazy\" decoding=\"async\" class=\"alignnone size-thumbnail wp-image-192\" src=\"http:\/\/www.autojawaklub.cz\/wp-content\/uploads\/2018\/08\/IMG_20180811_081315-150x150.jpg\" alt=\"\" width=\"150\" height=\"150\" \/> <img loading=\"lazy\" decoding=\"async\" class=\"alignnone size-thumbnail wp-image-191\" src=\"http:\/\/www.autojawaklub.cz\/wp-content\/uploads\/2018\/08\/IMG_20180811_081348-150x150.jpg\" alt=\"\" width=\"150\" height=\"150\" \/><\/p>\n","protected":false},"excerpt":{"rendered":"<p>&nbsp; Vzpom\u00ednkov\u00e1 j\u00edzda Eli\u0161ky a \u010ce\u0148ka Junkovi, Litomy\u0161l 10.-12.8.2018 \u010clenov\u00e9 klubu majitel\u016f automobil\u016f Jawa se dohodli s kolegou Petrem Lorencem, spolupo\u0159adatelem v\u00fd\u0161e uveden\u00e9ho podniku, na spole\u010dn\u00e9 \u00fa\u010dasti na tomto podniku. Nelitovali. D\u00edky p\u00e9\u010di organiz\u00e1tor\u016f m\u011bl klub velmi d\u016fstojn\u00e9 stanovi\u0161t\u011b pro vystaven\u00ed na\u0161ich stroj\u016f, tak\u00e9 mo\u017enost spole\u010dn\u00e9ho startu do j\u00edzdy &#8211; z\u00e1vodu seri\u00e1lu v\u00fdb\u011brov\u00fdch akc\u00ed Poh\u00e1ru &hellip; <a href=\"https:\/\/www.autojawaklub.cz\/index.php\/2018\/08\/16\/jawy-v-litomysli\/\" class=\"more-link\">Pokra\u010dovat ve \u010dten\u00ed<span class=\"screen-reader-text\"> &#8222;Jawy v Litomy\u0161li&#8220;<\/span><\/a><\/p>\n","protected":false},"author":1,"featured_media":0,"comment_status":"open","ping_status":"open","sticky":false,"template":"","format":"standard","meta":{"ngg_post_thumbnail":0,"footnotes":""},"categories":[1],"tags":[],"class_list":["post-194","post","type-post","status-publish","format-standard","hentry","category-uncategorized"],"_links":{"self":[{"href":"https:\/\/www.autojawaklub.cz\/index.php\/wp-json\/wp\/v2\/posts\/194","targetHints":{"allow":["GET"]}}],"collection":[{"href":"https:\/\/www.autojawaklub.cz\/index.php\/wp-json\/wp\/v2\/posts"}],"about":[{"href":"https:\/\/www.autojawaklub.cz\/index.php\/wp-json\/wp\/v2\/types\/post"}],"author":[{"embeddable":true,"href":"https:\/\/www.autojawaklub.cz\/index.php\/wp-json\/wp\/v2\/users\/1"}],"replies":[{"embeddable":true,"href":"https:\/\/www.autojawaklub.cz\/index.php\/wp-json\/wp\/v2\/comments?post=194"}],"version-history":[{"count":2,"href":"https:\/\/www.autojawaklub.cz\/index.php\/wp-json\/wp\/v2\/posts\/194\/revisions"}],"predecessor-version":[{"id":328,"href":"https:\/\/www.autojawaklub.cz\/index.php\/wp-json\/wp\/v2\/posts\/194\/revisions\/328"}],"wp:attachment":[{"href":"https:\/\/www.autojawaklub.cz\/index.php\/wp-json\/wp\/v2\/media?parent=194"}],"wp:term":[{"taxonomy":"category","embeddable":true,"href":"https:\/\/www.autojawaklub.cz\/index.php\/wp-json\/wp\/v2\/categories?post=194"},{"taxonomy":"post_tag","embeddable":true,"href":"https:\/\/www.autojawaklub.cz\/index.php\/wp-json\/wp\/v2\/tags?post=194"}],"curies":[{"name":"wp","href":"https:\/\/api.w.org\/{rel}","templated":true}]}}