{"id":387,"date":"2019-05-02T07:29:16","date_gmt":"2019-05-02T07:29:16","guid":{"rendered":"http:\/\/www.autojawaklub.cz\/?p=387"},"modified":"2019-05-02T07:29:16","modified_gmt":"2019-05-02T07:29:16","slug":"setkani-priznivcu-autojawaklubu-2019","status":"publish","type":"post","link":"https:\/\/www.autojawaklub.cz\/index.php\/2019\/05\/02\/setkani-priznivcu-autojawaklubu-2019\/","title":{"rendered":"Setk\u00e1n\u00ed p\u0159\u00edznivc\u016f AUTOJAWAKLUBU 2019"},"content":{"rendered":"\n<p>V\u00e1\u017een\u00ed kolegov\u00e9,<\/p>\n\n\n\n<p>bl\u00ed\u017e\u00ed se prvn\u00ed akce a tak V\u00e1s chci upozornit na to co n\u00e1s \u010dek\u00e1.<\/p>\n\n\n\n<p>Nejd\u0159\u00edve se mus\u00edm vr\u00e1tit k lo\u0148sk\u00e9mu z\u00e1v\u011bre\u010dn\u00e9mu setk\u00e1n\u00ed v Roztok\u00e1ch, kter\u00e9ho se z\u00fa\u010dastnili &#8211; Antoni, Van\u00edk, Balcar, Seliger, Ne\u010des\u00e1nek, Rou\u0161, Dole\u017eal, Patr\u00e1k, V\u00edzek, Havel a Pilek. P\u0159evl\u00e1dl n\u00e1zor, \u017ee &nbsp;nebudeme nikoho nutit k \u00fa\u010dasti na na\u0161ich akc\u00edch<\/p>\n\n\n\n<p>a pouze zavedeme evidenci kdo a kdy se akce \u00fa\u010dastnil. Bohu\u017eel jsme se je\u0161t\u011b s n\u011bkter\u00fdmi na\u0161imi \u010dleny nevid\u011bli a to nen\u00ed dobr\u00e9.<\/p>\n\n\n\n<p>Co n\u00e1s tedy letos \u010dek\u00e1 ?<\/p>\n\n\n\n<p>Postupn\u011b dle data:<\/p>\n\n\n\n<p>25.5. &#8211; Sraz a v\u00fdstava historick\u00fdch vozidel po\u0159\u00e1dan\u00fd k 90. v\u00fdro\u010d\u00ed automobilu AERO a 90. v\u00fdro\u010d\u00ed motocyklu JAWA, Opletalova ulice Praha, po\u0159\u00e1d\u00e1 Asociace veteran car club\u016f A\u010cR &#8211; p\u0159edb\u011b\u017en\u011b ohl\u00e1sili \u00fa\u010dast Balcar, Antoni, Ne\u010des\u00e1nek<\/p>\n\n\n\n<p>8. &#8211; 9.6. &#8211; Ledce a Kvasiny, nocleh ze soboty na ned\u011bli zajistil Honza Balcar na chat\u011b H\u00e1jenka v P\u00e1dol\u00ed, mus\u00ed v\u0161ak co nejd\u0159\u00edve po\u010det ubytovan\u00fdch up\u0159esnit. Proto pros\u00edme o potvrzen\u00ed po\u017eadavku na ubytov\u00e1n\u00ed u p\u0159edsedy. Pan\u00ed Kl\u00edmov\u00e1 uv\u00e1d\u00ed na propaga\u010dn\u00edch materi\u00e1lech, \u017ee se akce uskute\u010dn\u00ed k 85. v\u00fdro\u010d\u00ed zah\u00e1jen\u00ed v\u00fdroby automobil\u016f Jawa a krom\u011b tradi\u010dn\u00edch v\u011bc\u00ed p\u0159ipravuje pro \u00fa\u010dastn\u00edky nav\u00edc plaketu. Ledce v\u011bt\u0161inou zn\u00e1te &#8211; Sraz p\u0159\u00e1tel zna\u010dky Jawa &#8211; v\u00fdborn\u00e1 organizace, na\u0161im \u010dlen\u016fm v\u011bnuj\u00ed mimo\u0159\u00e1dnou pozornost.<\/p>\n\n\n\n<p>13. &#8211; 15.6. &#8211; 1000 mil \u010deskoslovensk\u00fdch&nbsp; &#8211; p\u0159ihl\u00e1\u0161eni jsou Antoni &#8211; kabriolet, Ne\u010des\u00e1nek &#8211; limuz\u00edna, R\u016f\u017ei\u010dka &#8211; roadster, Pilek &#8211; roadster, t\u0159i \u010dlenov\u00e9 vytvo\u0159\u00ed dru\u017estvo pro z\u00e1vod dru\u017estev. Krom\u011b uveden\u00fdch pojede je\u0161t\u011b s Minorem roadstrem pan P\u0159\u00edhoda za NTM.<\/p>\n\n\n\n<p>17.8. &#8211; T\u00fdnec nad S\u00e1zavou, oslava 90 let zna\u010dky Jawa, bylo by dobr\u00e9 se \u00fa\u010dastnit, dohodneme se p\u0159i na\u0161ich setk\u00e1n\u00edch, stejn\u011b tak se porad\u00edme jak pro\u017eijeme podzim a kdy ud\u011bl\u00e1me z\u00e1v\u011bre\u010dnou sch\u016fzi.<\/p>\n\n\n\n<p>Jist\u011b se ka\u017ed\u00fd z\u00fa\u010dastn\u00ed dal\u0161\u00edch akc\u00ed a budeme r\u00e1di, kdy\u017e n\u00e1m budete pod\u00e1vat zpr\u00e1vy, tak abychom je mohli zve\u0159ejnit na n\u00e1\u0161 web. Tud\u00ed\u017e pos\u00edlejte tyto informace v\u010detn\u011b fotek na josefjiri.kos@seznam.cz.<\/p>\n\n\n\n<p>T\u011b\u0161\u00edm se na vz\u00e1jemn\u00e1 setk\u00e1n\u00ed a p\u0159eji v\u0161em hodn\u011b z\u00e1\u017eitk\u016f a z\u00e1bavy, m\u00e1lo poruch a hodn\u011b zdrav\u00ed.<\/p>\n\n\n\n<p>Zdrav\u00ed Jarda Antoni.<br><\/p>\n","protected":false},"excerpt":{"rendered":"<p>V\u00e1\u017een\u00ed kolegov\u00e9, bl\u00ed\u017e\u00ed se prvn\u00ed akce a tak V\u00e1s chci upozornit na to co n\u00e1s \u010dek\u00e1. Nejd\u0159\u00edve se mus\u00edm vr\u00e1tit k lo\u0148sk\u00e9mu z\u00e1v\u011bre\u010dn\u00e9mu setk\u00e1n\u00ed v Roztok\u00e1ch, kter\u00e9ho se z\u00fa\u010dastnili &#8211; Antoni, Van\u00edk, Balcar, Seliger, Ne\u010des\u00e1nek, Rou\u0161, Dole\u017eal, Patr\u00e1k, V\u00edzek, Havel a Pilek. P\u0159evl\u00e1dl n\u00e1zor, \u017ee &nbsp;nebudeme nikoho nutit k \u00fa\u010dasti na na\u0161ich akc\u00edch a pouze &hellip; <a href=\"https:\/\/www.autojawaklub.cz\/index.php\/2019\/05\/02\/setkani-priznivcu-autojawaklubu-2019\/\" class=\"more-link\">Pokra\u010dovat ve \u010dten\u00ed<span class=\"screen-reader-text\"> &#8222;Setk\u00e1n\u00ed p\u0159\u00edznivc\u016f AUTOJAWAKLUBU 2019&#8220;<\/span><\/a><\/p>\n","protected":false},"author":1,"featured_media":0,"comment_status":"open","ping_status":"open","sticky":false,"template":"","format":"standard","meta":{"ngg_post_thumbnail":0,"footnotes":""},"categories":[1],"tags":[],"class_list":["post-387","post","type-post","status-publish","format-standard","hentry","category-uncategorized"],"_links":{"self":[{"href":"https:\/\/www.autojawaklub.cz\/index.php\/wp-json\/wp\/v2\/posts\/387","targetHints":{"allow":["GET"]}}],"collection":[{"href":"https:\/\/www.autojawaklub.cz\/index.php\/wp-json\/wp\/v2\/posts"}],"about":[{"href":"https:\/\/www.autojawaklub.cz\/index.php\/wp-json\/wp\/v2\/types\/post"}],"author":[{"embeddable":true,"href":"https:\/\/www.autojawaklub.cz\/index.php\/wp-json\/wp\/v2\/users\/1"}],"replies":[{"embeddable":true,"href":"https:\/\/www.autojawaklub.cz\/index.php\/wp-json\/wp\/v2\/comments?post=387"}],"version-history":[{"count":1,"href":"https:\/\/www.autojawaklub.cz\/index.php\/wp-json\/wp\/v2\/posts\/387\/revisions"}],"predecessor-version":[{"id":388,"href":"https:\/\/www.autojawaklub.cz\/index.php\/wp-json\/wp\/v2\/posts\/387\/revisions\/388"}],"wp:attachment":[{"href":"https:\/\/www.autojawaklub.cz\/index.php\/wp-json\/wp\/v2\/media?parent=387"}],"wp:term":[{"taxonomy":"category","embeddable":true,"href":"https:\/\/www.autojawaklub.cz\/index.php\/wp-json\/wp\/v2\/categories?post=387"},{"taxonomy":"post_tag","embeddable":true,"href":"https:\/\/www.autojawaklub.cz\/index.php\/wp-json\/wp\/v2\/tags?post=387"}],"curies":[{"name":"wp","href":"https:\/\/api.w.org\/{rel}","templated":true}]}}