{"id":445,"date":"2019-06-20T12:37:11","date_gmt":"2019-06-20T12:37:11","guid":{"rendered":"http:\/\/www.autojawaklub.cz\/?p=445"},"modified":"2019-06-20T12:41:44","modified_gmt":"2019-06-20T12:41:44","slug":"ctvrty-a-desaty-ze-100-zavodniku","status":"publish","type":"post","link":"https:\/\/www.autojawaklub.cz\/index.php\/2019\/06\/20\/ctvrty-a-desaty-ze-100-zavodniku\/","title":{"rendered":"\u010ctvrt\u00fd a des\u00e1t\u00fd ze 100 z\u00e1vodn\u00edk\u016f 1000mil \u010deskoslovensk\u00fdch."},"content":{"rendered":"\n<h2 class=\"wp-block-heading\">Celkov\u00e9 v\u00fdsledky<\/h2>\n\n\n\n<p>Um\u00edst\u011bn\u00ed sn\u016f pro Jawaklub. Dva z\u00e1vodn\u00edci na stroji Jawa se um\u00edstili se sv\u00fdmi  dv\u011bma mal\u00fdmi v\u00e1le\u010dky v prvn\u00ed des\u00edtce. Ing.Franti\u0161ek Jane\u010dek  by plakal radost\u00ed. My m\u016f\u017eeme jen blahop\u0159\u00e1t a ti\u0161e z\u00e1vid\u011bt. A za rok se pokus\u00edme vyhr\u00e1t teamovou sout\u011b\u017e. Letos to nevy\u0161lo pro z\u00e1vadu na stroji Ji\u0159\u00edho R\u016f\u017ei\u010dky.<\/p>\n\n\n\n<table class=\"wp-block-table\"><tbody><tr><th>Po\u0159ad\u00ed<\/th><th>Startovn\u00ed \u010d\u00edslo z\u00e1vodn\u00edka<\/th><th>Jm\u00e9no z\u00e1vodn\u00edka<\/th><th>Zna\u010dka vozu<\/th><th>Objem<\/th><th>V\u00fdsledn\u00e9 body<\/th><\/tr><tr><td>1<\/td><td>23<\/td><td>Tom\u00e1\u0161 Barnet<\/td><td>AERO 30 Roadster<\/td><td>998<\/td><td>4650<\/td><\/tr><tr><td>2<\/td><td>60<\/td><td>Ji\u0159\u00ed \u010ce\u010dkan<\/td><td>Aero 50 Roadster<\/td><td>1998<\/td><td>16170<\/td><\/tr><tr><td>3<\/td><td>44<\/td><td>Milan Do\u010dekal jr.<\/td><td>MG VA<\/td><td>1549<\/td><td>16795<\/td><\/tr><tr><td>4<\/td><td>4<\/td><td>Ivan Ne\u010des\u00e1nek<\/td><td>JAWA Minor Limusina<\/td><td>615<\/td><td>17690<\/td><\/tr><tr><td>5<\/td><td>22<\/td><td>Karel Petschke<\/td><td>AERO 30 Sport<\/td><td>998<\/td><td>17875<\/td><\/tr><tr><td>6<\/td><td>28<\/td><td>Tomas Kaspar<\/td><td>\u0160koda Popular Roadster<\/td><td>1100<\/td><td>19775<\/td><\/tr><tr><td>7<\/td><td>67<\/td><td>Milo\u0161 Vr\u00e1nek<\/td><td>BMW 328<\/td><td>1971<\/td><td>20310<\/td><\/tr><tr><td>8<\/td><td>96<\/td><td>Jan \u010c\u00ed\u017eek<\/td><td>Auburn 851 Phaeton<\/td><td>4575<\/td><td>20480<\/td><\/tr><tr><td>9<\/td><td>88<\/td><td>Tom\u00e1\u0161 Hu\u0161ek<\/td><td>FORD V8<\/td><td>3600<\/td><td>20960<\/td><\/tr><tr><td>10<\/td><td>2<\/td><td>Radek Pilek<\/td><td>Jawa Minor<\/td><td>615<\/td><td>21645<\/td><\/tr><\/tbody><\/table>\n","protected":false},"excerpt":{"rendered":"<p>Celkov\u00e9 v\u00fdsledky Um\u00edst\u011bn\u00ed sn\u016f pro Jawaklub. Dva z\u00e1vodn\u00edci na stroji Jawa se um\u00edstili se sv\u00fdmi dv\u011bma mal\u00fdmi v\u00e1le\u010dky v prvn\u00ed des\u00edtce. Ing.Franti\u0161ek Jane\u010dek by plakal radost\u00ed. My m\u016f\u017eeme jen blahop\u0159\u00e1t a ti\u0161e z\u00e1vid\u011bt. A za rok se pokus\u00edme vyhr\u00e1t teamovou sout\u011b\u017e. Letos to nevy\u0161lo pro z\u00e1vadu na stroji Ji\u0159\u00edho R\u016f\u017ei\u010dky. Po\u0159ad\u00ed Startovn\u00ed \u010d\u00edslo z\u00e1vodn\u00edka Jm\u00e9no &hellip; <a href=\"https:\/\/www.autojawaklub.cz\/index.php\/2019\/06\/20\/ctvrty-a-desaty-ze-100-zavodniku\/\" class=\"more-link\">Pokra\u010dovat ve \u010dten\u00ed<span class=\"screen-reader-text\"> &#8222;\u010ctvrt\u00fd a des\u00e1t\u00fd ze 100 z\u00e1vodn\u00edk\u016f 1000mil \u010deskoslovensk\u00fdch.&#8220;<\/span><\/a><\/p>\n","protected":false},"author":1,"featured_media":0,"comment_status":"open","ping_status":"open","sticky":false,"template":"","format":"standard","meta":{"ngg_post_thumbnail":0,"footnotes":""},"categories":[1],"tags":[],"class_list":["post-445","post","type-post","status-publish","format-standard","hentry","category-uncategorized"],"_links":{"self":[{"href":"https:\/\/www.autojawaklub.cz\/index.php\/wp-json\/wp\/v2\/posts\/445","targetHints":{"allow":["GET"]}}],"collection":[{"href":"https:\/\/www.autojawaklub.cz\/index.php\/wp-json\/wp\/v2\/posts"}],"about":[{"href":"https:\/\/www.autojawaklub.cz\/index.php\/wp-json\/wp\/v2\/types\/post"}],"author":[{"embeddable":true,"href":"https:\/\/www.autojawaklub.cz\/index.php\/wp-json\/wp\/v2\/users\/1"}],"replies":[{"embeddable":true,"href":"https:\/\/www.autojawaklub.cz\/index.php\/wp-json\/wp\/v2\/comments?post=445"}],"version-history":[{"count":4,"href":"https:\/\/www.autojawaklub.cz\/index.php\/wp-json\/wp\/v2\/posts\/445\/revisions"}],"predecessor-version":[{"id":450,"href":"https:\/\/www.autojawaklub.cz\/index.php\/wp-json\/wp\/v2\/posts\/445\/revisions\/450"}],"wp:attachment":[{"href":"https:\/\/www.autojawaklub.cz\/index.php\/wp-json\/wp\/v2\/media?parent=445"}],"wp:term":[{"taxonomy":"category","embeddable":true,"href":"https:\/\/www.autojawaklub.cz\/index.php\/wp-json\/wp\/v2\/categories?post=445"},{"taxonomy":"post_tag","embeddable":true,"href":"https:\/\/www.autojawaklub.cz\/index.php\/wp-json\/wp\/v2\/tags?post=445"}],"curies":[{"name":"wp","href":"https:\/\/api.w.org\/{rel}","templated":true}]}}