{"id":460,"date":"2019-09-13T14:34:29","date_gmt":"2019-09-13T14:34:29","guid":{"rendered":"http:\/\/www.autojawaklub.cz\/?p=460"},"modified":"2026-01-30T13:22:23","modified_gmt":"2026-01-30T13:22:23","slug":"tynec-2019","status":"publish","type":"post","link":"https:\/\/www.autojawaklub.cz\/index.php\/2019\/09\/13\/tynec-2019\/","title":{"rendered":"T\u00fdnec 2019"},"content":{"rendered":"\n<p>\n\nV\u00e1\u017een\u00ed majitel\u00e9 a p\u0159\u00edznivci zna\u010dky JAWA,<br>&nbsp; &nbsp; &nbsp;v\u011bzte, \u017ee dne 17.8.2019, v T\u00fdnci nad S\u00e1zavou, p\u0159i oslav\u00e1ch 90. v\u00fdro\u010d\u00ed v\u00fdroby motocykl\u016f a automobil\u016f JAWA, \u010dlenov\u00e9 na\u0161eho Autojawaklubu op\u011bt nezklamali. Byli jsme schopni vystavit u t\u00e9to p\u0159\u00edle\u017eitosti automobily Jawa v po\u010dtu 12-ti kus\u016f. Sedmistovky, kabria, rodsery i limusiny zaujaly div\u00e1ky i kolegy motork\u00e1\u0159e, jich\u017e p\u0159ijelo na akci v\u00edce ne\u017e 1.000 stroj\u016f.<br>&nbsp; &nbsp; &nbsp;Moder\u00e1torem vyzvan\u00fd pan p\u0159edseda klubu Antoni plamenn\u011b pohovo\u0159il o v\u00fdvoji, v\u00fdrob\u011b motocykl\u016f a najm\u011b automobil\u016f Jawa, vyzdvihl sportovn\u00ed \u00fasp\u011bchy v dob\u00e1ch minul\u00fdch i sou\u010dasn\u00fdch, osobu ing. Franti\u0161ka Jane\u010dka i odkaz, kter\u00fd tu zanechal.<br>&nbsp; &nbsp; &nbsp;D\u00edky stabiln\u00edm tahoun\u016fm Autojavaklubu Antonimu, V\u00edzkovi, Pilkovi, Balcarovi, Ne\u010des\u00e1nkovi i na\u0161emu pot\u011bru &#8211; nov\u00fdm, mlad\u00fdm \u010dlen\u016fm, jsme se op\u011bt neztratili a byli jme ned\u00edlnou a d\u016fle\u017eitou sou\u010d\u00e1st\u00ed vyda\u0159en\u00e9 akce.<br>Jako ji\u017e tradi\u010dn\u011b, prodlou\u017eili jsme si veekend ji\u017e jen na klubov\u00e9 \u00farovni n\u00e1v\u0161t\u011bvou funk\u010dn\u00edho ml\u00fdna na \u0159ece S\u00e1zav\u011b, pat\u0159\u00edc\u00edho kamar\u00e1dovi kolegy Balcara,<br>sch\u016fz\u00ed ve vesnick\u00e9 hospod\u011b a nakonec n\u00e1v\u0161tevou Baru Na plech s folkl\u00f3rn\u011b metalovou diskot\u00e9kou. Rann\u00ed bolehlav byl \u00fam\u011brn\u00fd p\u0159ede\u0161l\u00e9 no\u010dn\u00ed konzumaci, sn\u00eddan\u011b v hotelu vydatn\u00e1 a pak odjezd k domov\u016fm<br>Bravo kolegov\u00e9!\n\n<\/p>\n\n\n\n<figure class=\"wp-block-image\"><img loading=\"lazy\" decoding=\"async\" width=\"1024\" height=\"576\" src=\"http:\/\/www.autojawaklub.cz\/wp-content\/uploads\/2019\/09\/tynec2019-1-1024x576.jpg\" alt=\"\" class=\"wp-image-461\" srcset=\"https:\/\/www.autojawaklub.cz\/wp-content\/uploads\/2019\/09\/tynec2019-1-1024x576.jpg 1024w, https:\/\/www.autojawaklub.cz\/wp-content\/uploads\/2019\/09\/tynec2019-1-768x432.jpg 768w, https:\/\/www.autojawaklub.cz\/wp-content\/uploads\/2019\/09\/tynec2019-1-1200x675.jpg 1200w\" sizes=\"auto, (max-width: 709px) 85vw, (max-width: 909px) 67vw, (max-width: 1362px) 62vw, 840px\" \/><\/figure>\n","protected":false},"excerpt":{"rendered":"<p>V\u00e1\u017een\u00ed majitel\u00e9 a p\u0159\u00edznivci zna\u010dky JAWA,&nbsp; &nbsp; &nbsp;v\u011bzte, \u017ee dne 17.8.2019, v T\u00fdnci nad S\u00e1zavou, p\u0159i oslav\u00e1ch 90. v\u00fdro\u010d\u00ed v\u00fdroby motocykl\u016f a automobil\u016f JAWA, \u010dlenov\u00e9 na\u0161eho Autojawaklubu op\u011bt nezklamali. Byli jsme schopni vystavit u t\u00e9to p\u0159\u00edle\u017eitosti automobily Jawa v po\u010dtu 12-ti kus\u016f. Sedmistovky, kabria, rodsery i limusiny zaujaly div\u00e1ky i kolegy motork\u00e1\u0159e, jich\u017e p\u0159ijelo na &hellip; <a href=\"https:\/\/www.autojawaklub.cz\/index.php\/2019\/09\/13\/tynec-2019\/\" class=\"more-link\">Pokra\u010dovat ve \u010dten\u00ed<span class=\"screen-reader-text\"> &#8222;T\u00fdnec 2019&#8220;<\/span><\/a><\/p>\n","protected":false},"author":1,"featured_media":0,"comment_status":"closed","ping_status":"open","sticky":false,"template":"","format":"standard","meta":{"ngg_post_thumbnail":0,"footnotes":""},"categories":[1],"tags":[],"class_list":["post-460","post","type-post","status-publish","format-standard","hentry","category-uncategorized"],"_links":{"self":[{"href":"https:\/\/www.autojawaklub.cz\/index.php\/wp-json\/wp\/v2\/posts\/460","targetHints":{"allow":["GET"]}}],"collection":[{"href":"https:\/\/www.autojawaklub.cz\/index.php\/wp-json\/wp\/v2\/posts"}],"about":[{"href":"https:\/\/www.autojawaklub.cz\/index.php\/wp-json\/wp\/v2\/types\/post"}],"author":[{"embeddable":true,"href":"https:\/\/www.autojawaklub.cz\/index.php\/wp-json\/wp\/v2\/users\/1"}],"replies":[{"embeddable":true,"href":"https:\/\/www.autojawaklub.cz\/index.php\/wp-json\/wp\/v2\/comments?post=460"}],"version-history":[{"count":1,"href":"https:\/\/www.autojawaklub.cz\/index.php\/wp-json\/wp\/v2\/posts\/460\/revisions"}],"predecessor-version":[{"id":462,"href":"https:\/\/www.autojawaklub.cz\/index.php\/wp-json\/wp\/v2\/posts\/460\/revisions\/462"}],"wp:attachment":[{"href":"https:\/\/www.autojawaklub.cz\/index.php\/wp-json\/wp\/v2\/media?parent=460"}],"wp:term":[{"taxonomy":"category","embeddable":true,"href":"https:\/\/www.autojawaklub.cz\/index.php\/wp-json\/wp\/v2\/categories?post=460"},{"taxonomy":"post_tag","embeddable":true,"href":"https:\/\/www.autojawaklub.cz\/index.php\/wp-json\/wp\/v2\/tags?post=460"}],"curies":[{"name":"wp","href":"https:\/\/api.w.org\/{rel}","templated":true}]}}