{"id":464,"date":"2019-10-15T11:40:02","date_gmt":"2019-10-15T11:40:02","guid":{"rendered":"http:\/\/www.autojawaklub.cz\/?p=464"},"modified":"2019-10-16T12:47:36","modified_gmt":"2019-10-16T12:47:36","slug":"nejstarsi-zavod-motorovych-vozidel-do-vrchu-na-svete","status":"publish","type":"post","link":"https:\/\/www.autojawaklub.cz\/index.php\/2019\/10\/15\/nejstarsi-zavod-motorovych-vozidel-do-vrchu-na-svete\/","title":{"rendered":"Nejstar\u0161\u00ed z\u00e1vod motorov\u00fdch vozidel do vrchu na sv\u011bt\u011b."},"content":{"rendered":"\n<p>Nejstar\u0161\u00ed z\u00e1vod motorov\u00fdch vozidel do vrchu na sv\u011bt\u011b, to je z\u00e1vod Zbraslav \u2013 J\u00edlovi\u0161t\u011b.<\/p>\n\n\n\n<p><strong>Jezdil se po stejn\u00e9 trati &#8211; n\u00e1m\u011bst\u00ed ve Zbraslavi \u2013 obec J\u00edlovi\u0161t\u011b,od r. 1908 do r. 1931.<\/strong><\/p>\n\n\n\n<p>V novodob\u00e9 historii, od roku 1968 kdy tento po\u0159\u00e1d\u00e1 Veteran Car Club Praha, byl leto\u0161n\u00ed z\u00e1vod ji\u017e 52. ro\u010dn\u00edkem. Na start se postavilo na 200 historick\u00fdch vozidel.<\/p>\n\n\n\n<p>Nechyb\u011bli op\u011bt z\u00e1stupci Autojawaklubu. Ivan Ne\u010des\u00e1nek se svou limuz\u00ednou JAWA Minor, representoval ze v\u0161ech sil, skon\u010dil v\u0161ak op\u011bt v poli pora\u017een\u00fdch. D\u016fle\u017eit\u011bj\u0161\u00ed ne\u017e um\u00edst\u011bn\u00ed je  ale jeho \u010dast\u00e1 \u00fa\u010dast na tomto podniku. Tak\u00e9 stoj\u00ed za zm\u00ednku jeho start v roce 2008, p\u0159i    100. v\u00fdro\u010d\u00ed z\u00e1vodu. Skon\u010dil na 100. m\u00edst\u011b. Jak s\u00e1m tvrd\u00ed, je to skoro stejn\u00e9, jako b\u00fdt prvn\u00ed. Jen bez poh\u00e1ru\u2026<\/p>\n\n\n\n<p>Tak\u00e9 dal\u0161\u00ed ze zakladatel\u016f Autojawaklubu, Ji\u0159\u00ed R\u016f\u017ei\u010dka, opravdu nestor z\u00e1vodu, p\u0159istavil sv\u016fj z\u00e1vodn\u00ed special Minor v kategorii z\u00e1vodn\u00edch stroj\u016f.Na stupn\u00edch v\u00edt\u011bz\u016f pak stanul jako navig\u00e1tor \u0159idi\u010de automobilu DKW, p\u0159edch\u016fdce to automobil\u016f JAWA, z\u00e1vodn\u00edka Bechyn\u011b.<\/p>\n\n\n\n<p>Autojawaklub tedy op\u011bt zanechal v ro\u010dn\u00edku 2019 tohoto z\u00e1vodu, jeho\u017e v\u00fdznam st\u00e1le stoup\u00e1 a p\u0159ibli\u017euje se \u00farovn\u00ed z\u00e1vodu 1.000mil\u010dsl, svoji stopu. <\/p>\n\n\n\n<p>Klobouk dol\u016f, p\u0159ed \u00fa\u010dastn\u00edky tohoto z\u00e1vodu.<\/p>\n\n\n\n<figure class=\"wp-block-image\"><img loading=\"lazy\" decoding=\"async\" width=\"512\" height=\"512\" src=\"http:\/\/www.autojawaklub.cz\/wp-content\/uploads\/2019\/10\/jiloviste2019.jpg\" alt=\"\" class=\"wp-image-466\"\/><\/figure>\n","protected":false},"excerpt":{"rendered":"<p>Nejstar\u0161\u00ed z\u00e1vod motorov\u00fdch vozidel do vrchu na sv\u011bt\u011b, to je z\u00e1vod Zbraslav \u2013 J\u00edlovi\u0161t\u011b. Jezdil se po stejn\u00e9 trati &#8211; n\u00e1m\u011bst\u00ed ve Zbraslavi \u2013 obec J\u00edlovi\u0161t\u011b,od r. 1908 do r. 1931. V novodob\u00e9 historii, od roku 1968 kdy tento po\u0159\u00e1d\u00e1 Veteran Car Club Praha, byl leto\u0161n\u00ed z\u00e1vod ji\u017e 52. ro\u010dn\u00edkem. Na start se postavilo na &hellip; <a href=\"https:\/\/www.autojawaklub.cz\/index.php\/2019\/10\/15\/nejstarsi-zavod-motorovych-vozidel-do-vrchu-na-svete\/\" class=\"more-link\">Pokra\u010dovat ve \u010dten\u00ed<span class=\"screen-reader-text\"> &#8222;Nejstar\u0161\u00ed z\u00e1vod motorov\u00fdch vozidel do vrchu na sv\u011bt\u011b.&#8220;<\/span><\/a><\/p>\n","protected":false},"author":1,"featured_media":0,"comment_status":"open","ping_status":"open","sticky":false,"template":"","format":"standard","meta":{"ngg_post_thumbnail":0,"footnotes":""},"categories":[1],"tags":[],"class_list":["post-464","post","type-post","status-publish","format-standard","hentry","category-uncategorized"],"_links":{"self":[{"href":"https:\/\/www.autojawaklub.cz\/index.php\/wp-json\/wp\/v2\/posts\/464","targetHints":{"allow":["GET"]}}],"collection":[{"href":"https:\/\/www.autojawaklub.cz\/index.php\/wp-json\/wp\/v2\/posts"}],"about":[{"href":"https:\/\/www.autojawaklub.cz\/index.php\/wp-json\/wp\/v2\/types\/post"}],"author":[{"embeddable":true,"href":"https:\/\/www.autojawaklub.cz\/index.php\/wp-json\/wp\/v2\/users\/1"}],"replies":[{"embeddable":true,"href":"https:\/\/www.autojawaklub.cz\/index.php\/wp-json\/wp\/v2\/comments?post=464"}],"version-history":[{"count":1,"href":"https:\/\/www.autojawaklub.cz\/index.php\/wp-json\/wp\/v2\/posts\/464\/revisions"}],"predecessor-version":[{"id":472,"href":"https:\/\/www.autojawaklub.cz\/index.php\/wp-json\/wp\/v2\/posts\/464\/revisions\/472"}],"wp:attachment":[{"href":"https:\/\/www.autojawaklub.cz\/index.php\/wp-json\/wp\/v2\/media?parent=464"}],"wp:term":[{"taxonomy":"category","embeddable":true,"href":"https:\/\/www.autojawaklub.cz\/index.php\/wp-json\/wp\/v2\/categories?post=464"},{"taxonomy":"post_tag","embeddable":true,"href":"https:\/\/www.autojawaklub.cz\/index.php\/wp-json\/wp\/v2\/tags?post=464"}],"curies":[{"name":"wp","href":"https:\/\/api.w.org\/{rel}","templated":true}]}}