{"id":525,"date":"2020-10-12T13:00:28","date_gmt":"2020-10-12T13:00:28","guid":{"rendered":"http:\/\/www.autojawaklub.cz\/?p=525"},"modified":"2020-10-12T13:00:29","modified_gmt":"2020-10-12T13:00:29","slug":"stalo-se-za-bileho-dne","status":"publish","type":"post","link":"https:\/\/www.autojawaklub.cz\/index.php\/2020\/10\/12\/stalo-se-za-bileho-dne\/","title":{"rendered":"Stalo se za b\u00edl\u00e9ho dne&#8230;"},"content":{"rendered":"\n<p>V\u00e1\u017een\u00ed p\u0159\u00edznivci&nbsp; automobil\u016f JAWA, kolegov\u00e9!<\/p>\n\n\n\n<p>&nbsp; &nbsp; &nbsp;ned\u00e1 mi, ne\u017e se s v\u00e1mi pod\u011blit o mal\u00fd z\u00e1\u017eitek za z\u00e1vodu Zbraslav &#8211; J\u00edlovi\u0161t\u011b.<\/p>\n\n\n\n<p>Je zn\u00e1mo, \u017ee \u00farove\u0148 a pov\u011bst novodob\u00fdch ro\u010dn\u00edk\u016f z\u00e1vodu neust\u00e1le stoup\u00e1. Organizace, kvalita slu\u017eeb, startovn\u00ed pole , nakonec i objednan\u00e9 po\u010das\u00ed, to v\u0161e je sportovn\u00edm podnikem, spole\u010denskou ud\u00e1lost\u00ed i d\u016fstojnou poctou odkazu p\u0159edchoz\u00edch generac\u00ed dam a p\u00e1n\u016f, sportsmen\u016f, \u00fa\u010dastn\u00edk\u016f d\u00e1vn\u00fdch ro\u010dn\u00edk\u016f tohoto podniku. A hold p\u0159edv\u00e1le\u010dn\u00e9 produkci automobilov\u00e9ho pr\u016fmyslu, nejen na\u0161\u00ed Prvn\u00ed republiky. Co v\u0161echno bylo zase&nbsp; na Zbraslavsk\u00e9m n\u00e1m\u011bst\u00ed k vid\u011bn\u00ed!<\/p>\n\n\n\n<p>Ani dne\u0161n\u00ed divn\u00e1, slo\u017eit\u00e1 doba, nezabr\u00e1nila&nbsp;po\u0159adatel\u016fm v uskute\u010dn\u011bn\u00ed z\u00e1vodu na t\u00e9 nejvy\u0161\u0161\u00ed mo\u017en\u00e9 \u00farovni. D\u00edky.<\/p>\n\n\n\n<p>&nbsp; &nbsp; &nbsp;A te\u010f k z\u00e1le\u017eitostem Autojawaklubu.&nbsp;<\/p>\n\n\n\n<p>Limus\u00edna&nbsp;pana Ne\u010des\u00e1nka, tradi\u010dn\u00edho to z\u00e1stupce klubu na tomto podniku, podala standardn\u00ed v\u00fdkon. Dv\u011b kola na pln\u00fd plyn. Bez m\u011b\u0159en\u00ed . Tzv. &#8222;na f\u00e9rovku&#8220;. Sta\u010dilo na p\u011bkn\u00e9 cca 40. m\u00edsto startovn\u00edho pole.<\/p>\n\n\n\n<p>V\u011bc zaj\u00edmav\u011bj\u0161\u00ed z hlediska historie se ud\u00e1la je\u0161t\u011b p\u0159edm startem z\u00e1vodu, b\u011bhem v\u00fdstavy vozidel .<\/p>\n\n\n\n<p>Oslovil mne p\u00e1n, v nejlep\u0161\u00edch letech, s pozn\u00e1mkou -&#8222;pane, jako majitel automobilu Jawa, \u010detl jste knihu o historii automobil\u016f Jawa?&#8220;<\/p>\n\n\n\n<p>Ano, byla m\u00e1 odpov\u011b\u010f s \u00fasm\u011bvem D\u011bda V\u0161ev\u011bda.<\/p>\n\n\n\n<p>&#8220; A v\u00edte n\u011bco o automobilu na stran\u011b 88?&#8220;<\/p>\n\n\n\n<p>To samoz\u0159ejm\u011b nemohu slou\u017eit, v pam\u011bti jej nem\u00e1m, odv\u011btil jsem.<\/p>\n\n\n\n<p>Ak\u010dn\u00ed p\u00e1n kr\u00e1sn\u00e9ho jm\u00e9na Kv\u011btoslav v\u011bc nevzdal. &#8220; T\u00e1mhle u st\u00e1nku tu knihu prod\u00e1vaj\u00ed, poj\u010fte.&#8220;<\/p>\n\n\n\n<p>Knihu vzal do rukou a nalistoval str. 88-89. Zde jsou fotografie zda\u0159il\u00fdch prototyp\u016f automobil\u016f Jawa z p\u0159edv\u00e1le\u010dn\u00e9ho obdob\u00ed. Jedno n\u00e1dhern\u00e9 bussines&nbsp;coup\u00e9&nbsp;na str. 88 a podobn\u00fd prototyp karoserie navr\u017een\u00fd pro slu\u017ebu u \u010cesk\u00e9 po\u0161ty. Fotografie z archivu autora knihy Dr. Jana Kr\u00e1l\u00edka.<\/p>\n\n\n\n<p>D\u00e1l se projekty nedostaly.<\/p>\n\n\n\n<p>&nbsp; &nbsp; &nbsp;A te\u010f pointa drobn\u00e9ho&nbsp;p\u0159\u00edb\u011bhu.<\/p>\n\n\n\n<p>Pan Kv\u011btoslav pravil -&#8220; pane, tento automobil jsem jako obyvatel obce J\u00edlovi\u0161t\u011b v\u00eddal ka\u017ed\u00fd t\u00fdden.<\/p>\n\n\n\n<p>Okolo roku 1960. Je to bezpochyby tento automobil. Byl v exelentn\u00edm&nbsp;stavu, pamatuji si i n\u00e1dhernou palubovku v imitaci d\u0159eva i to otv\u00edrac\u00ed v\u00edko&nbsp;kufru. Majitel,&nbsp; stav\u011bl v t\u00e9 dob\u011b v sousedstv\u00ed domek a na stavbu t\u00edmto automobilem t\u00fddn\u011b doj\u00ed\u017ed\u011bl.&nbsp;<\/p>\n\n\n\n<p>V\u00edm o n\u011bm, \u017ee&nbsp;se jmenoval Helcl, bytem v Lond\u00fdnsk\u00e9 ulici a pracoval v mototechn\u011b v \u0158\u00edmsk\u00e9 ulici v Praze. Byl znalcem zna\u010dky JAWA, prost\u0159ed\u00ed automobilov\u00fdch a motocyklov\u00fdch z\u00e1vod\u016f.<\/p>\n\n\n\n<p>v rozhovorech \u010dasto zmi\u0148oval p\u00e1ny Kaisera, Kronbergera, Vitvara a dal\u0161\u00ed.<\/p>\n\n\n\n<p>N\u011bkdy kolem roku 1965 automobil\u00a0prodal.&#8220;<\/p>\n\n\n\n<p><\/p>\n\n\n\n<p><\/p>\n\n\n\n<p>Pan Kv\u011btoslav nev\u00ed komu. Ani j\u00e1 to nev\u00edm. Stopa kon\u010d\u00ed.&nbsp;<\/p>\n\n\n\n<p>&nbsp; &nbsp; &nbsp;Ale t\u0159eba n\u011bkdo&#8230;?<\/p>\n\n\n\n<p>&#8211; je je\u0161t\u011b pam\u011btn\u00edk z mototechny \u0158\u00edmsk\u00e1, kter\u00fd by pana Helcla znal? Nebo jeho automobil?<\/p>\n\n\n\n<p>&#8211; je mo\u017en\u00e9 z evidence vozidel dle jm\u00e9na , automobilu a cca data zjistit v\u00edce?&#8230;<\/p>\n\n\n\n<p> Pokud n\u011bco v\u00edte, sd\u011blte pros\u00edm na : inecesanek@gmail.com <\/p>\n\n\n\n<h3 class=\"wp-block-heading\">P\u0159\u00edlohy<\/h3>\n","protected":false},"excerpt":{"rendered":"<p>V\u00e1\u017een\u00ed p\u0159\u00edznivci&nbsp; automobil\u016f JAWA, kolegov\u00e9! &nbsp; &nbsp; &nbsp;ned\u00e1 mi, ne\u017e se s v\u00e1mi pod\u011blit o mal\u00fd z\u00e1\u017eitek za z\u00e1vodu Zbraslav &#8211; J\u00edlovi\u0161t\u011b. Je zn\u00e1mo, \u017ee \u00farove\u0148 a pov\u011bst novodob\u00fdch ro\u010dn\u00edk\u016f z\u00e1vodu neust\u00e1le stoup\u00e1. Organizace, kvalita slu\u017eeb, startovn\u00ed pole , nakonec i objednan\u00e9 po\u010das\u00ed, to v\u0161e je sportovn\u00edm podnikem, spole\u010denskou ud\u00e1lost\u00ed i d\u016fstojnou poctou odkazu p\u0159edchoz\u00edch &hellip; <a href=\"https:\/\/www.autojawaklub.cz\/index.php\/2020\/10\/12\/stalo-se-za-bileho-dne\/\" class=\"more-link\">Pokra\u010dovat ve \u010dten\u00ed<span class=\"screen-reader-text\"> &#8222;Stalo se za b\u00edl\u00e9ho dne&#8230;&#8220;<\/span><\/a><\/p>\n","protected":false},"author":1,"featured_media":0,"comment_status":"closed","ping_status":"closed","sticky":false,"template":"","format":"standard","meta":{"ngg_post_thumbnail":0,"footnotes":""},"categories":[1],"tags":[],"class_list":["post-525","post","type-post","status-publish","format-standard","hentry","category-uncategorized"],"_links":{"self":[{"href":"https:\/\/www.autojawaklub.cz\/index.php\/wp-json\/wp\/v2\/posts\/525","targetHints":{"allow":["GET"]}}],"collection":[{"href":"https:\/\/www.autojawaklub.cz\/index.php\/wp-json\/wp\/v2\/posts"}],"about":[{"href":"https:\/\/www.autojawaklub.cz\/index.php\/wp-json\/wp\/v2\/types\/post"}],"author":[{"embeddable":true,"href":"https:\/\/www.autojawaklub.cz\/index.php\/wp-json\/wp\/v2\/users\/1"}],"replies":[{"embeddable":true,"href":"https:\/\/www.autojawaklub.cz\/index.php\/wp-json\/wp\/v2\/comments?post=525"}],"version-history":[{"count":1,"href":"https:\/\/www.autojawaklub.cz\/index.php\/wp-json\/wp\/v2\/posts\/525\/revisions"}],"predecessor-version":[{"id":526,"href":"https:\/\/www.autojawaklub.cz\/index.php\/wp-json\/wp\/v2\/posts\/525\/revisions\/526"}],"wp:attachment":[{"href":"https:\/\/www.autojawaklub.cz\/index.php\/wp-json\/wp\/v2\/media?parent=525"}],"wp:term":[{"taxonomy":"category","embeddable":true,"href":"https:\/\/www.autojawaklub.cz\/index.php\/wp-json\/wp\/v2\/categories?post=525"},{"taxonomy":"post_tag","embeddable":true,"href":"https:\/\/www.autojawaklub.cz\/index.php\/wp-json\/wp\/v2\/tags?post=525"}],"curies":[{"name":"wp","href":"https:\/\/api.w.org\/{rel}","templated":true}]}}