{"id":547,"date":"2021-08-12T07:14:47","date_gmt":"2021-08-12T07:14:47","guid":{"rendered":"http:\/\/www.autojawaklub.cz\/?p=547"},"modified":"2021-08-12T07:14:49","modified_gmt":"2021-08-12T07:14:49","slug":"1000mil-ceskoslovenskych-2021","status":"publish","type":"post","link":"https:\/\/www.autojawaklub.cz\/index.php\/2021\/08\/12\/1000mil-ceskoslovenskych-2021\/","title":{"rendered":"1000MIL \u010ceskoslovensk\u00fdch 2021"},"content":{"rendered":"\n<p>Dne  12.8.2021  odstartoval ka\u017edoro\u010dn\u00ed z\u00e1vod 1000mil  z Prahy do Bratislavy. Za n\u00e1\u0161 klub startoval pan Ivan Ne\u010des\u00e1nek, ale nutno podotknout, \u017ee emigroval do jin\u00e9 zna\u010dky. S Jawou na startu se objevil pan Kudrna Luk\u00e1\u0161 se svoji novou Jawou Minor proveden\u00ed roadster.<\/p>\n\n\n\n<p>T\u011b\u0161\u00edme se , \u017ee oba vozy zv\u00edt\u011bz\u00ed.<\/p>\n\n\n\n<p>JK<\/p>\n\n\n\n<figure class=\"wp-block-image size-large\"><img loading=\"lazy\" decoding=\"async\" width=\"1024\" height=\"768\" src=\"https:\/\/www.autojawaklub.cz\/wp-content\/uploads\/2021\/08\/kudrna1-1024x768.jpg\" alt=\"\" class=\"wp-image-549\" srcset=\"https:\/\/www.autojawaklub.cz\/wp-content\/uploads\/2021\/08\/kudrna1-1024x768.jpg 1024w, https:\/\/www.autojawaklub.cz\/wp-content\/uploads\/2021\/08\/kudrna1-768x576.jpg 768w, https:\/\/www.autojawaklub.cz\/wp-content\/uploads\/2021\/08\/kudrna1-1536x1152.jpg 1536w, https:\/\/www.autojawaklub.cz\/wp-content\/uploads\/2021\/08\/kudrna1-2048x1536.jpg 2048w, https:\/\/www.autojawaklub.cz\/wp-content\/uploads\/2021\/08\/kudrna1-1200x900.jpg 1200w\" sizes=\"auto, (max-width: 709px) 85vw, (max-width: 909px) 67vw, (max-width: 1362px) 62vw, 840px\" \/><figcaption>Pos\u00e1dka pana Kudrny t\u011bsn\u011b p\u0159ed startem<\/figcaption><\/figure>\n\n\n\n<figure class=\"wp-block-image size-large\"><img loading=\"lazy\" decoding=\"async\" width=\"1024\" height=\"768\" src=\"https:\/\/www.autojawaklub.cz\/wp-content\/uploads\/2021\/08\/kudrna2-1024x768.jpg\" alt=\"\" class=\"wp-image-550\" srcset=\"https:\/\/www.autojawaklub.cz\/wp-content\/uploads\/2021\/08\/kudrna2-1024x768.jpg 1024w, https:\/\/www.autojawaklub.cz\/wp-content\/uploads\/2021\/08\/kudrna2-768x576.jpg 768w, https:\/\/www.autojawaklub.cz\/wp-content\/uploads\/2021\/08\/kudrna2-1536x1152.jpg 1536w, https:\/\/www.autojawaklub.cz\/wp-content\/uploads\/2021\/08\/kudrna2-2048x1536.jpg 2048w, https:\/\/www.autojawaklub.cz\/wp-content\/uploads\/2021\/08\/kudrna2-1200x900.jpg 1200w\" sizes=\"auto, (max-width: 709px) 85vw, (max-width: 909px) 67vw, (max-width: 1362px) 62vw, 840px\" \/><figcaption>Na startu  j\u00edzd\u011b p\u0159ipraven.<\/figcaption><\/figure>\n\n\n\n<figure class=\"wp-block-image size-large\"><img loading=\"lazy\" decoding=\"async\" width=\"1024\" height=\"768\" src=\"https:\/\/www.autojawaklub.cz\/wp-content\/uploads\/2021\/08\/neces1-1024x768.jpg\" alt=\"\" class=\"wp-image-551\" srcset=\"https:\/\/www.autojawaklub.cz\/wp-content\/uploads\/2021\/08\/neces1-1024x768.jpg 1024w, https:\/\/www.autojawaklub.cz\/wp-content\/uploads\/2021\/08\/neces1-768x576.jpg 768w, https:\/\/www.autojawaklub.cz\/wp-content\/uploads\/2021\/08\/neces1-1536x1152.jpg 1536w, https:\/\/www.autojawaklub.cz\/wp-content\/uploads\/2021\/08\/neces1-2048x1536.jpg 2048w, https:\/\/www.autojawaklub.cz\/wp-content\/uploads\/2021\/08\/neces1-1200x900.jpg 1200w\" sizes=\"auto, (max-width: 709px) 85vw, (max-width: 909px) 67vw, (max-width: 1362px) 62vw, 840px\" \/><figcaption>Nezvykl\u00e1 pozice Ivana Ne\u010des\u00e1nka, ale st\u00e1le vpravo jako v minulosti.<\/figcaption><\/figure>\n\n\n\n<figure class=\"wp-block-image size-large\"><img loading=\"lazy\" decoding=\"async\" width=\"1024\" height=\"768\" src=\"https:\/\/www.autojawaklub.cz\/wp-content\/uploads\/2021\/08\/neces2-1024x768.jpg\" alt=\"\" class=\"wp-image-552\" srcset=\"https:\/\/www.autojawaklub.cz\/wp-content\/uploads\/2021\/08\/neces2-1024x768.jpg 1024w, https:\/\/www.autojawaklub.cz\/wp-content\/uploads\/2021\/08\/neces2-768x576.jpg 768w, https:\/\/www.autojawaklub.cz\/wp-content\/uploads\/2021\/08\/neces2-1536x1152.jpg 1536w, https:\/\/www.autojawaklub.cz\/wp-content\/uploads\/2021\/08\/neces2-2048x1536.jpg 2048w, https:\/\/www.autojawaklub.cz\/wp-content\/uploads\/2021\/08\/neces2-1200x900.jpg 1200w\" sizes=\"auto, (max-width: 709px) 85vw, (max-width: 909px) 67vw, (max-width: 1362px) 62vw, 840px\" \/><figcaption>Na Pln\u00fd plyn&#8230;&#8230;<\/figcaption><\/figure>\n","protected":false},"excerpt":{"rendered":"<p>Dne 12.8.2021 odstartoval ka\u017edoro\u010dn\u00ed z\u00e1vod 1000mil z Prahy do Bratislavy. Za n\u00e1\u0161 klub startoval pan Ivan Ne\u010des\u00e1nek, ale nutno podotknout, \u017ee emigroval do jin\u00e9 zna\u010dky. S Jawou na startu se objevil pan Kudrna Luk\u00e1\u0161 se svoji novou Jawou Minor proveden\u00ed roadster. T\u011b\u0161\u00edme se , \u017ee oba vozy zv\u00edt\u011bz\u00ed. JK<\/p>\n","protected":false},"author":1,"featured_media":0,"comment_status":"closed","ping_status":"closed","sticky":false,"template":"","format":"standard","meta":{"ngg_post_thumbnail":0,"footnotes":""},"categories":[1],"tags":[],"class_list":["post-547","post","type-post","status-publish","format-standard","hentry","category-uncategorized"],"_links":{"self":[{"href":"https:\/\/www.autojawaklub.cz\/index.php\/wp-json\/wp\/v2\/posts\/547","targetHints":{"allow":["GET"]}}],"collection":[{"href":"https:\/\/www.autojawaklub.cz\/index.php\/wp-json\/wp\/v2\/posts"}],"about":[{"href":"https:\/\/www.autojawaklub.cz\/index.php\/wp-json\/wp\/v2\/types\/post"}],"author":[{"embeddable":true,"href":"https:\/\/www.autojawaklub.cz\/index.php\/wp-json\/wp\/v2\/users\/1"}],"replies":[{"embeddable":true,"href":"https:\/\/www.autojawaklub.cz\/index.php\/wp-json\/wp\/v2\/comments?post=547"}],"version-history":[{"count":2,"href":"https:\/\/www.autojawaklub.cz\/index.php\/wp-json\/wp\/v2\/posts\/547\/revisions"}],"predecessor-version":[{"id":553,"href":"https:\/\/www.autojawaklub.cz\/index.php\/wp-json\/wp\/v2\/posts\/547\/revisions\/553"}],"wp:attachment":[{"href":"https:\/\/www.autojawaklub.cz\/index.php\/wp-json\/wp\/v2\/media?parent=547"}],"wp:term":[{"taxonomy":"category","embeddable":true,"href":"https:\/\/www.autojawaklub.cz\/index.php\/wp-json\/wp\/v2\/categories?post=547"},{"taxonomy":"post_tag","embeddable":true,"href":"https:\/\/www.autojawaklub.cz\/index.php\/wp-json\/wp\/v2\/tags?post=547"}],"curies":[{"name":"wp","href":"https:\/\/api.w.org\/{rel}","templated":true}]}}