{"id":557,"date":"2021-08-24T11:35:10","date_gmt":"2021-08-24T11:35:10","guid":{"rendered":"http:\/\/www.autojawaklub.cz\/?p=557"},"modified":"2021-08-24T11:35:11","modified_gmt":"2021-08-24T11:35:11","slug":"jawa-minor-po-treti-vitezi-v-prestiznim-zavode-1000mil","status":"publish","type":"post","link":"https:\/\/www.autojawaklub.cz\/index.php\/2021\/08\/24\/jawa-minor-po-treti-vitezi-v-prestiznim-zavode-1000mil\/","title":{"rendered":"Jawa Minor po t\u0159et\u00ed v\u00edt\u011bz\u00ed v presti\u017en\u00edm z\u00e1vod\u011b 1000mil!"},"content":{"rendered":"\n<p>Pan Ing.Franti\u0161ek  Jane\u010dek se mus\u00ed radovat z t\u0159et\u00edho v\u00edt\u011bzstv\u00ed vozu Jawa Minor za sebou v kategorii do 750 ccm. O to v\u00edce, \u017ee tentokr\u00e1t jej \u0159\u00eddil nov\u00e1\u010dek z\u00e1vodu pan Luk\u00e1\u0161 Kudrna. Sl\u00e1va, sl\u00e1va, sl\u00e1va jeho v\u00fdkonu. Pan Ivan Ne\u010des\u00e1nek, kter\u00fd p\u0159eb\u011bhl do vy\u0161\u0161\u00ed kategorie do 1100 ccm vyhr\u00e1l tak\u00e9.<\/p>\n","protected":false},"excerpt":{"rendered":"<p>Pan Ing.Franti\u0161ek Jane\u010dek se mus\u00ed radovat z t\u0159et\u00edho v\u00edt\u011bzstv\u00ed vozu Jawa Minor za sebou v kategorii do 750 ccm. O to v\u00edce, \u017ee tentokr\u00e1t jej \u0159\u00eddil nov\u00e1\u010dek z\u00e1vodu pan Luk\u00e1\u0161 Kudrna. Sl\u00e1va, sl\u00e1va, sl\u00e1va jeho v\u00fdkonu. Pan Ivan Ne\u010des\u00e1nek, kter\u00fd p\u0159eb\u011bhl do vy\u0161\u0161\u00ed kategorie do 1100 ccm vyhr\u00e1l tak\u00e9.<\/p>\n","protected":false},"author":1,"featured_media":556,"comment_status":"closed","ping_status":"closed","sticky":false,"template":"","format":"standard","meta":{"ngg_post_thumbnail":0,"footnotes":""},"categories":[1],"tags":[],"class_list":["post-557","post","type-post","status-publish","format-standard","has-post-thumbnail","hentry","category-uncategorized"],"_links":{"self":[{"href":"https:\/\/www.autojawaklub.cz\/index.php\/wp-json\/wp\/v2\/posts\/557","targetHints":{"allow":["GET"]}}],"collection":[{"href":"https:\/\/www.autojawaklub.cz\/index.php\/wp-json\/wp\/v2\/posts"}],"about":[{"href":"https:\/\/www.autojawaklub.cz\/index.php\/wp-json\/wp\/v2\/types\/post"}],"author":[{"embeddable":true,"href":"https:\/\/www.autojawaklub.cz\/index.php\/wp-json\/wp\/v2\/users\/1"}],"replies":[{"embeddable":true,"href":"https:\/\/www.autojawaklub.cz\/index.php\/wp-json\/wp\/v2\/comments?post=557"}],"version-history":[{"count":1,"href":"https:\/\/www.autojawaklub.cz\/index.php\/wp-json\/wp\/v2\/posts\/557\/revisions"}],"predecessor-version":[{"id":558,"href":"https:\/\/www.autojawaklub.cz\/index.php\/wp-json\/wp\/v2\/posts\/557\/revisions\/558"}],"wp:featuredmedia":[{"embeddable":true,"href":"https:\/\/www.autojawaklub.cz\/index.php\/wp-json\/wp\/v2\/media\/556"}],"wp:attachment":[{"href":"https:\/\/www.autojawaklub.cz\/index.php\/wp-json\/wp\/v2\/media?parent=557"}],"wp:term":[{"taxonomy":"category","embeddable":true,"href":"https:\/\/www.autojawaklub.cz\/index.php\/wp-json\/wp\/v2\/categories?post=557"},{"taxonomy":"post_tag","embeddable":true,"href":"https:\/\/www.autojawaklub.cz\/index.php\/wp-json\/wp\/v2\/tags?post=557"}],"curies":[{"name":"wp","href":"https:\/\/api.w.org\/{rel}","templated":true}]}}