{"id":618,"date":"2022-11-14T13:50:41","date_gmt":"2022-11-14T13:50:41","guid":{"rendered":"http:\/\/www.autojawaklub.cz\/?p=618"},"modified":"2022-11-18T11:35:41","modified_gmt":"2022-11-18T11:35:41","slug":"jawa-minor-kombi","status":"publish","type":"post","link":"https:\/\/www.autojawaklub.cz\/index.php\/2022\/11\/14\/jawa-minor-kombi\/","title":{"rendered":"Jawa Minor Kombi"},"content":{"rendered":"\nngg_shortcode_0_placeholder\n\n\n\n<p>V\u00e1\u017eeni p\u0159\u00e1tele aut Jawa,<br>tak\u00e9 my jsme vlastnili auto Jawa Minor s tim kr\u00e1sn\u00fdm dlouh\u00fdm \u010dum\u00e1kem. Ale m\u011bli jsme komb\u00edka, proto\u017ee p\u0159ede\u0161l\u00fd   majitel hr\u00e1l na kontrabas a auto nechal p\u0159estav\u011bt.<br>Jawu jsme koupili v roce 1963. Tenkr\u00e1t m\u011b bylo 10 let. Padl na ni perzianov\u00fd ko\u017eich jedn\u00e9 babicky a klav\u00edr druh\u00e9 babi\u010dky.<br>S Jawou jsme jeli v zim\u011b a\u017e do Harachova a topili jsme doma v troub\u011b nah\u0159\u00e1tou cihlou.<br>Nejdel\u0161\u00ed cesta byla do b\u00fdvaleho NDR na Rujanu &#8211; R\u00fcgen. Nejvy\u0161\u0161\u00ed rychlost na d\u00e1lnici 70km\/h.<br>P\u0159i n\u00e1vratu do tehdej\u0161iho \u010ceskoslovenska byla Jawa p\u0159epln\u011bna n\u011bmeck\u00fdmi specialitami, kter\u00e9 tatinek do auta nap\u011bchoval pri zav\u0159enych dve\u0159ich z vnit\u0159ku auta. Na hranici varoval celniky p\u0159ed otev\u0159enim zadnich dve\u0159i. Nedbali varov\u00e1ni a dve\u0159e otev\u0159eli. No a jasn\u011b,<br>ze v\u0161echny ty dobroty najednou le\u017eely na silnici.<br>V roce 1969 jsme emigrovali do Rakouska. Jawa z\u016fstala v Praze a n\u00e1\u0161 d\u011bde\u010dek provedl p\u0159evod auta tak, ze v &#8222;pap\u00edrech&#8220; p\u0159e\u0161krtl jm\u00e9no na\u0161eho tatinka a napsal tam sv\u00e9 jm\u00e9no.<br>Dal\u0161i historii na\u0161i Jawy Minor kombi, kterou jsme pojmenovali Hurvinek bohu\u017eel nezn\u00e1m.<br>Ale v\u00edm jedno, ze v\u0161ichni ti Bavor\u00e1ci, Audiny atd. mne nikdy neohromovali, rychle um\u00ed ka\u017ed\u00fd jezdit, ale sedmdes\u00e1tkou na Rujanu a s horkou cihlou pod nohama do hor , jelo na ,,Z\u00e1pad\u011b&#8220; m\u00e1lo lidi.<br>Na konec je\u0161t\u011b jedna zm\u00ednka: N\u00e1\u0161 d\u011bde\u010dek\u00a0 Josef Hezou\u010dky ud\u011blal \u0159idi\u010dsk\u00fd pr\u016fkaz v roce 1912 a jezdil s prvn\u00ed pra\u017eskou sanitkou, kter\u00e1 je vystavena v Technick\u00e9m muzeu v Praze.R\u00e1d bych zjisti, zda n\u011bkdo netu\u0161\u00ed, kde se moment\u00e1ln\u011b tento v\u016fz Jawa Minor kombi nach\u00e1z\u00ed.\u00a0Treba by se to dalo zjistit podle SPZ ta je na fotografii dobr\u00e9 vid\u011bt.A\u017e do roku 1969 byl majitelem n\u00e1\u0161 tat\u00ednek Dr. Vladimir Hezou\u010dk\u00fd bytem Praha 2, Vy\u0161ehradska ul. 6\u00a0Pokud byste n\u011bco v\u011bd\u011bli, napi\u0161te mi pros\u00edm : martin.hezoucky@gmx.at\u00a0.<br>\u00a0S p\u0159\u00e1telsk\u00fdm pozdravem\u00a0 Jaw\u00e1m Zdar\u00a0 Martin Hezou\u010dk\u00fd, Rakousko. <\/p>\n","protected":false},"excerpt":{"rendered":"<p>V\u00e1\u017eeni p\u0159\u00e1tele aut Jawa,tak\u00e9 my jsme vlastnili auto Jawa Minor s tim kr\u00e1sn\u00fdm dlouh\u00fdm \u010dum\u00e1kem. Ale m\u011bli jsme komb\u00edka, proto\u017ee p\u0159ede\u0161l\u00fd majitel hr\u00e1l na kontrabas a auto nechal p\u0159estav\u011bt.Jawu jsme koupili v roce 1963. Tenkr\u00e1t m\u011b bylo 10 let. Padl na ni perzianov\u00fd ko\u017eich jedn\u00e9 babicky a klav\u00edr druh\u00e9 babi\u010dky.S Jawou jsme jeli v zim\u011b &hellip; <a href=\"https:\/\/www.autojawaklub.cz\/index.php\/2022\/11\/14\/jawa-minor-kombi\/\" class=\"more-link\">Pokra\u010dovat ve \u010dten\u00ed<span class=\"screen-reader-text\"> &#8222;Jawa Minor Kombi&#8220;<\/span><\/a><\/p>\n","protected":false},"author":1,"featured_media":0,"comment_status":"closed","ping_status":"closed","sticky":false,"template":"","format":"standard","meta":{"ngg_post_thumbnail":0,"footnotes":""},"categories":[1],"tags":[],"class_list":["post-618","post","type-post","status-publish","format-standard","hentry","category-uncategorized"],"_links":{"self":[{"href":"https:\/\/www.autojawaklub.cz\/index.php\/wp-json\/wp\/v2\/posts\/618","targetHints":{"allow":["GET"]}}],"collection":[{"href":"https:\/\/www.autojawaklub.cz\/index.php\/wp-json\/wp\/v2\/posts"}],"about":[{"href":"https:\/\/www.autojawaklub.cz\/index.php\/wp-json\/wp\/v2\/types\/post"}],"author":[{"embeddable":true,"href":"https:\/\/www.autojawaklub.cz\/index.php\/wp-json\/wp\/v2\/users\/1"}],"replies":[{"embeddable":true,"href":"https:\/\/www.autojawaklub.cz\/index.php\/wp-json\/wp\/v2\/comments?post=618"}],"version-history":[{"count":3,"href":"https:\/\/www.autojawaklub.cz\/index.php\/wp-json\/wp\/v2\/posts\/618\/revisions"}],"predecessor-version":[{"id":624,"href":"https:\/\/www.autojawaklub.cz\/index.php\/wp-json\/wp\/v2\/posts\/618\/revisions\/624"}],"wp:attachment":[{"href":"https:\/\/www.autojawaklub.cz\/index.php\/wp-json\/wp\/v2\/media?parent=618"}],"wp:term":[{"taxonomy":"category","embeddable":true,"href":"https:\/\/www.autojawaklub.cz\/index.php\/wp-json\/wp\/v2\/categories?post=618"},{"taxonomy":"post_tag","embeddable":true,"href":"https:\/\/www.autojawaklub.cz\/index.php\/wp-json\/wp\/v2\/tags?post=618"}],"curies":[{"name":"wp","href":"https:\/\/api.w.org\/{rel}","templated":true}]}}