{"id":626,"date":"2023-05-03T07:49:47","date_gmt":"2023-05-03T07:49:47","guid":{"rendered":"http:\/\/www.autojawaklub.cz\/?p=626"},"modified":"2023-05-03T07:49:48","modified_gmt":"2023-05-03T07:49:48","slug":"setkani-v-maji","status":"publish","type":"post","link":"https:\/\/www.autojawaklub.cz\/index.php\/2023\/05\/03\/setkani-v-maji\/","title":{"rendered":"Setk\u00e1n\u00ed v M\u00e1ji"},"content":{"rendered":"\n<p>V\u00e1\u017een\u00ed\nkolegov\u00e9,<\/p>\n\n\n\n<p>dovolujeme si V\u00e1s pozvat na setk\u00e1n\u00ed p\u0159\u00e1tel automobil\u016f Jawa a to do S\u00e1zavy, v term\u00ednu :\u00a0 19.5. a\u017e 21. 5. 2023<\/p>\n\n\n\n<p>Program\nsetk\u00e1n\u00ed :<\/p>\n\n\n\n<p>\u00a0\u00a0\u00a0\u00a0\u00a0\u00a0\u00a0\u00a0\u00a0\u00a0\u00a0\u00a0\u00a0\u00a0\u00a0\u00a0\u00a0 P\u00e1tek 19.5\u00a0\u00a0 &#8211; b\u011bhem odpoledne p\u0159\u00edjezd do S\u00e1zavy<\/p>\n\n\n\n<p>\u00a0 \u00a0 \u00a0 \u00a0 \u00a0 \u00a0 \u00a0 \u00a0\u00a0 &#8211; ubytov\u00e1n\u00ed Vila S\u00e1zav &#8211; 19 hod. ve\u010de\u0159e v Hostinci Za Vodou<\/p>\n\n\n\n<p>\u00a0 \u00a0 \u00a0 \u00a0 \u00a0 \u00a0 \u00a0 \u00a0 \u00a0 Sobota 20. 5. &#8211; sn\u00eddan\u011b individu\u00e1ln\u00ed<\/p>\n\n\n\n<p>&nbsp;\n&nbsp; &nbsp; &nbsp; &nbsp; &nbsp; &nbsp; &nbsp;&nbsp; &#8211; 10 hod. prohl\u00eddka\ns\u00e1zavsk\u00e9ho kl\u00e1\u0161tera s pr\u016fvodcem<\/p>\n\n\n\n<p>&nbsp;\n&nbsp; &nbsp; &nbsp; &nbsp; &nbsp; &nbsp; &nbsp;&nbsp; &#8211; 11,30 ob\u011bd v Hostinci\nZa Vodou<\/p>\n\n\n\n<p>\u00a0 \u00a0 \u00a0 \u00a0 \u00a0 \u00a0 \u00a0 \u00a0\u00a0 &#8211; odjezd do \u010cesk\u00e9ho \u0160ternberka ( 30 km &#8211; 14,30 prohl\u00eddka s pr\u016fvodcem<\/p>\n\n\n\n<p>\u00a0\u00a0\u00a0\u00a0\u00a0\u00a0\u00a0\u00a0\u00a0\u00a0\u00a0\u00a0\u00a0\u00a0\u00a0\u00a0 &#8211; odjezd do Divi\u0161ova, zast\u00e1vka u tov\u00e1rny Jawa, prohl\u00eddka  pr\u016fvodcem<\/p>\n\n\n\n<p>\u00a0\u00a0\u00a0\u00a0\u00a0\u00a0\u00a0\u00a0\u00a0\u00a0\u00a0\u00a0\u00a0\u00a0\u00a0\u00a0 &#8211; p\u0159\u00edjezd do S\u00e1zavy\u00a0 &#8211; 19 hod. ve\u010de\u0159e v Hostinci Za Vodou<\/p>\n\n\n\n<p>\u00a0\u00a0\u00a0\u00a0\u00a0\u00a0\u00a0\u00a0\u00a0\u00a0\u00a0\u00a0\u00a0\u00a0\u00a0\u00a0\u00a0 Ned\u011ble 21. 5 &#8211; sn\u00eddan\u011b individu\u00e1ln\u00ed<\/p>\n\n\n\n<p>&nbsp;&nbsp;&nbsp;&nbsp;&nbsp;&nbsp;&nbsp;&nbsp;&nbsp;&nbsp;&nbsp;&nbsp;&nbsp;&nbsp;&nbsp;&nbsp;\n&#8211; prohl\u00eddka skl\u00e1ren Kavalier ( pokud se poda\u0159\u00ed zajistit )<\/p>\n\n\n\n<p>&nbsp;&nbsp;&nbsp;&nbsp;&nbsp;&nbsp;&nbsp;&nbsp;&nbsp;&nbsp;&nbsp;&nbsp;&nbsp;&nbsp;&nbsp;&nbsp;\n&#8211; prohl\u00eddka star\u00e9 skl\u00e1\u0159sk\u00e9 huti Franti\u0161ek s pr\u016fvodcem<\/p>\n\n\n\n<p>&nbsp;&nbsp;&nbsp;&nbsp;&nbsp;&nbsp;&nbsp;&nbsp;&nbsp;&nbsp;&nbsp;&nbsp;&nbsp;&nbsp;&nbsp;&nbsp;\n&#8211; ob\u011bd individu\u00e1ln\u00ed<\/p>\n\n\n\n<p>&nbsp;&nbsp;&nbsp;&nbsp;&nbsp;&nbsp;&nbsp;&nbsp;&nbsp;&nbsp;&nbsp;&nbsp;&nbsp;&nbsp;&nbsp;&nbsp;\n&#8211; odjezd dom\u016f<\/p>\n\n\n\n<p><strong>Pros\u00edme z\u00e1jemce o ubytov\u00e1n\u00ed, aby\u00a0 neprodlen\u011b dali v\u011bd\u011bt, po\u010det ubytovac\u00edch m\u00edst je omezen !<\/strong><\/p>\n\n\n\n<p>T\u011b\u0161\u00edme\nse na shled\u00e1n\u00ed a s pozdravem<\/p>\n\n\n\n<p>&nbsp;&nbsp;&nbsp;&nbsp;&nbsp;&nbsp;&nbsp;&nbsp;&nbsp;&nbsp;&nbsp;&nbsp;&nbsp;&nbsp;&nbsp;&nbsp;&nbsp;\nTom a&nbsp; Tom<\/p>\n\n\n\n<p>Tom\u00e1\u0161 Seliger tel. 603 700 082    a   Tom\u00e1\u0161 Pa\u010des tel. 606 859 805<\/p>\n","protected":false},"excerpt":{"rendered":"<p>V\u00e1\u017een\u00ed kolegov\u00e9, dovolujeme si V\u00e1s pozvat na setk\u00e1n\u00ed p\u0159\u00e1tel automobil\u016f Jawa a to do S\u00e1zavy, v term\u00ednu :\u00a0 19.5. a\u017e 21. 5. 2023 Program setk\u00e1n\u00ed : \u00a0\u00a0\u00a0\u00a0\u00a0\u00a0\u00a0\u00a0\u00a0\u00a0\u00a0\u00a0\u00a0\u00a0\u00a0\u00a0\u00a0 P\u00e1tek 19.5\u00a0\u00a0 &#8211; b\u011bhem odpoledne p\u0159\u00edjezd do S\u00e1zavy \u00a0 \u00a0 \u00a0 \u00a0 \u00a0 \u00a0 \u00a0 \u00a0\u00a0 &#8211; ubytov\u00e1n\u00ed Vila S\u00e1zav &#8211; 19 hod. ve\u010de\u0159e v Hostinci Za Vodou &hellip; <a href=\"https:\/\/www.autojawaklub.cz\/index.php\/2023\/05\/03\/setkani-v-maji\/\" class=\"more-link\">Pokra\u010dovat ve \u010dten\u00ed<span class=\"screen-reader-text\"> &#8222;Setk\u00e1n\u00ed v M\u00e1ji&#8220;<\/span><\/a><\/p>\n","protected":false},"author":1,"featured_media":0,"comment_status":"closed","ping_status":"closed","sticky":false,"template":"","format":"standard","meta":{"ngg_post_thumbnail":0,"footnotes":""},"categories":[1],"tags":[],"class_list":["post-626","post","type-post","status-publish","format-standard","hentry","category-uncategorized"],"_links":{"self":[{"href":"https:\/\/www.autojawaklub.cz\/index.php\/wp-json\/wp\/v2\/posts\/626","targetHints":{"allow":["GET"]}}],"collection":[{"href":"https:\/\/www.autojawaklub.cz\/index.php\/wp-json\/wp\/v2\/posts"}],"about":[{"href":"https:\/\/www.autojawaklub.cz\/index.php\/wp-json\/wp\/v2\/types\/post"}],"author":[{"embeddable":true,"href":"https:\/\/www.autojawaklub.cz\/index.php\/wp-json\/wp\/v2\/users\/1"}],"replies":[{"embeddable":true,"href":"https:\/\/www.autojawaklub.cz\/index.php\/wp-json\/wp\/v2\/comments?post=626"}],"version-history":[{"count":1,"href":"https:\/\/www.autojawaklub.cz\/index.php\/wp-json\/wp\/v2\/posts\/626\/revisions"}],"predecessor-version":[{"id":627,"href":"https:\/\/www.autojawaklub.cz\/index.php\/wp-json\/wp\/v2\/posts\/626\/revisions\/627"}],"wp:attachment":[{"href":"https:\/\/www.autojawaklub.cz\/index.php\/wp-json\/wp\/v2\/media?parent=626"}],"wp:term":[{"taxonomy":"category","embeddable":true,"href":"https:\/\/www.autojawaklub.cz\/index.php\/wp-json\/wp\/v2\/categories?post=626"},{"taxonomy":"post_tag","embeddable":true,"href":"https:\/\/www.autojawaklub.cz\/index.php\/wp-json\/wp\/v2\/tags?post=626"}],"curies":[{"name":"wp","href":"https:\/\/api.w.org\/{rel}","templated":true}]}}