{"id":636,"date":"2023-06-12T09:48:33","date_gmt":"2023-06-12T09:48:33","guid":{"rendered":"http:\/\/www.autojawaklub.cz\/?p=636"},"modified":"2023-06-12T09:48:34","modified_gmt":"2023-06-12T09:48:34","slug":"velky-den-autojawaklubu","status":"publish","type":"post","link":"https:\/\/www.autojawaklub.cz\/index.php\/2023\/06\/12\/velky-den-autojawaklubu\/","title":{"rendered":"Velk\u00fd den Autojawaklubu"},"content":{"rendered":"\n<p>Dne 29.5.2023 p\u0159evzal prezident Autojawaklubu Ing. Jaroslav Antoni a spoluzakl\u00e1daj\u00edc\u00ed \u010dlen klubu Ivan Ne\u010des\u00e1nek v Sen\u00e1tu \u010cR z rukou ministra dopravy presti\u017en\u00ed cenu za dlouholetou \u010dinnost klubu a za opakovan\u00e9 v\u00edt\u011bzn\u00e9 ta\u017een\u00ed z\u00e1vodem 1000Mil \u010deskoslovensk\u00fdch. Na slavnosti se \u00fa\u010dastnilo mnoho \u010dlen\u016f Autojawaklubu viz p\u0159ilo\u017een\u00e9 foto.<\/p>\n\n\n\n<figure class=\"wp-block-image size-large\"><img loading=\"lazy\" decoding=\"async\" width=\"768\" height=\"1024\" src=\"https:\/\/www.autojawaklub.cz\/wp-content\/uploads\/2023\/06\/1686561988182-768x1024.jpg\" alt=\"\" class=\"wp-image-637\" srcset=\"https:\/\/www.autojawaklub.cz\/wp-content\/uploads\/2023\/06\/1686561988182-768x1024.jpg 768w, https:\/\/www.autojawaklub.cz\/wp-content\/uploads\/2023\/06\/1686561988182-1152x1536.jpg 1152w, https:\/\/www.autojawaklub.cz\/wp-content\/uploads\/2023\/06\/1686561988182-1536x2048.jpg 1536w, https:\/\/www.autojawaklub.cz\/wp-content\/uploads\/2023\/06\/1686561988182-1200x1600.jpg 1200w, https:\/\/www.autojawaklub.cz\/wp-content\/uploads\/2023\/06\/1686561988182-scaled.jpg 1920w\" sizes=\"auto, (max-width: 709px) 85vw, (max-width: 909px) 67vw, (max-width: 984px) 61vw, (max-width: 1362px) 45vw, 600px\" \/><figcaption>Presti\u017en\u00ed ocen\u011bn\u00ed v rukou Ivana Ne\u010des\u00e1nka<\/figcaption><\/figure>\n\n\n\n<figure class=\"wp-block-image size-large\"><img loading=\"lazy\" decoding=\"async\" width=\"1024\" height=\"768\" src=\"https:\/\/www.autojawaklub.cz\/wp-content\/uploads\/2023\/06\/1686562043135-1024x768.jpg\" alt=\"\" class=\"wp-image-638\" srcset=\"https:\/\/www.autojawaklub.cz\/wp-content\/uploads\/2023\/06\/1686562043135-1024x768.jpg 1024w, https:\/\/www.autojawaklub.cz\/wp-content\/uploads\/2023\/06\/1686562043135-768x576.jpg 768w, https:\/\/www.autojawaklub.cz\/wp-content\/uploads\/2023\/06\/1686562043135-1536x1152.jpg 1536w, https:\/\/www.autojawaklub.cz\/wp-content\/uploads\/2023\/06\/1686562043135-2048x1536.jpg 2048w, https:\/\/www.autojawaklub.cz\/wp-content\/uploads\/2023\/06\/1686562043135-1200x900.jpg 1200w\" sizes=\"auto, (max-width: 709px) 85vw, (max-width: 909px) 67vw, (max-width: 1362px) 62vw, 840px\" \/><figcaption>\u010dlenov\u00e9  Autojawaklubu v sen\u00e1tu<\/figcaption><\/figure>\n\n\n\n<figure class=\"wp-block-image size-large\"><img loading=\"lazy\" decoding=\"async\" width=\"1024\" height=\"768\" src=\"https:\/\/www.autojawaklub.cz\/wp-content\/uploads\/2023\/06\/1686562105729-1024x768.jpg\" alt=\"\" class=\"wp-image-639\" srcset=\"https:\/\/www.autojawaklub.cz\/wp-content\/uploads\/2023\/06\/1686562105729-1024x768.jpg 1024w, https:\/\/www.autojawaklub.cz\/wp-content\/uploads\/2023\/06\/1686562105729-768x576.jpg 768w, https:\/\/www.autojawaklub.cz\/wp-content\/uploads\/2023\/06\/1686562105729-1536x1152.jpg 1536w, https:\/\/www.autojawaklub.cz\/wp-content\/uploads\/2023\/06\/1686562105729-2048x1536.jpg 2048w, https:\/\/www.autojawaklub.cz\/wp-content\/uploads\/2023\/06\/1686562105729-1200x900.jpg 1200w\" sizes=\"auto, (max-width: 709px) 85vw, (max-width: 909px) 67vw, (max-width: 1362px) 62vw, 840px\" \/><figcaption>P\u0159ed\u00e1v\u00e1n\u00ed ocen\u011bn\u00ed ministrem dopravy Martinem Kupkou.<\/figcaption><\/figure>\n","protected":false},"excerpt":{"rendered":"<p>Dne 29.5.2023 p\u0159evzal prezident Autojawaklubu Ing. Jaroslav Antoni a spoluzakl\u00e1daj\u00edc\u00ed \u010dlen klubu Ivan Ne\u010des\u00e1nek v Sen\u00e1tu \u010cR z rukou ministra dopravy presti\u017en\u00ed cenu za dlouholetou \u010dinnost klubu a za opakovan\u00e9 v\u00edt\u011bzn\u00e9 ta\u017een\u00ed z\u00e1vodem 1000Mil \u010deskoslovensk\u00fdch. Na slavnosti se \u00fa\u010dastnilo mnoho \u010dlen\u016f Autojawaklubu viz p\u0159ilo\u017een\u00e9 foto.<\/p>\n","protected":false},"author":1,"featured_media":0,"comment_status":"closed","ping_status":"closed","sticky":false,"template":"","format":"standard","meta":{"ngg_post_thumbnail":0,"footnotes":""},"categories":[1],"tags":[],"class_list":["post-636","post","type-post","status-publish","format-standard","hentry","category-uncategorized"],"_links":{"self":[{"href":"https:\/\/www.autojawaklub.cz\/index.php\/wp-json\/wp\/v2\/posts\/636","targetHints":{"allow":["GET"]}}],"collection":[{"href":"https:\/\/www.autojawaklub.cz\/index.php\/wp-json\/wp\/v2\/posts"}],"about":[{"href":"https:\/\/www.autojawaklub.cz\/index.php\/wp-json\/wp\/v2\/types\/post"}],"author":[{"embeddable":true,"href":"https:\/\/www.autojawaklub.cz\/index.php\/wp-json\/wp\/v2\/users\/1"}],"replies":[{"embeddable":true,"href":"https:\/\/www.autojawaklub.cz\/index.php\/wp-json\/wp\/v2\/comments?post=636"}],"version-history":[{"count":1,"href":"https:\/\/www.autojawaklub.cz\/index.php\/wp-json\/wp\/v2\/posts\/636\/revisions"}],"predecessor-version":[{"id":640,"href":"https:\/\/www.autojawaklub.cz\/index.php\/wp-json\/wp\/v2\/posts\/636\/revisions\/640"}],"wp:attachment":[{"href":"https:\/\/www.autojawaklub.cz\/index.php\/wp-json\/wp\/v2\/media?parent=636"}],"wp:term":[{"taxonomy":"category","embeddable":true,"href":"https:\/\/www.autojawaklub.cz\/index.php\/wp-json\/wp\/v2\/categories?post=636"},{"taxonomy":"post_tag","embeddable":true,"href":"https:\/\/www.autojawaklub.cz\/index.php\/wp-json\/wp\/v2\/tags?post=636"}],"curies":[{"name":"wp","href":"https:\/\/api.w.org\/{rel}","templated":true}]}}