{"id":663,"date":"2023-08-24T11:09:55","date_gmt":"2023-08-24T11:09:55","guid":{"rendered":"http:\/\/www.autojawaklub.cz\/?p=663"},"modified":"2023-08-25T07:09:27","modified_gmt":"2023-08-25T07:09:27","slug":"vyrocni-sraz-na-sazave","status":"publish","type":"post","link":"https:\/\/www.autojawaklub.cz\/index.php\/2023\/08\/24\/vyrocni-sraz-na-sazave\/","title":{"rendered":"V\u00fdro\u010dn\u00ed sraz na S\u00e1zav\u011b."},"content":{"rendered":"\n<p>Stru\u010dn\u00fd popis setk\u00e1n\u00ed automobil\u016f Jawa v S\u00e1zav\u011b 19. &#8211; 21.5.2023<\/p>\n\n\n\n<p>V&nbsp;&nbsp; P\u00e1tek 19.5.  b\u011bhem odpoledne jsme p\u0159ijeli  do S\u00e1zavy, ubytovali jsme se z \u010d\u00e1sti ve Vile S\u00e1zava a nebo  v penzionu Za Vodou . Ob\u011b mo\u017enosti odpov\u00eddaly cen\u011b. Ve\u010der jsme se se\u0161li v hostinci Za vodou, kde bylo sezn\u00e1men\u00ed s programem na p\u0159\u00ed\u0161t\u00ed dny. No a jak to prob\u00edhalo d\u00e1le.<\/p>\n\n\n\n<figure class=\"wp-block-image size-large\"><img loading=\"lazy\" decoding=\"async\" width=\"1024\" height=\"768\" src=\"https:\/\/www.autojawaklub.cz\/wp-content\/uploads\/2023\/08\/20230520_091102-1024x768.jpg\" alt=\"\" class=\"wp-image-664\" srcset=\"https:\/\/www.autojawaklub.cz\/wp-content\/uploads\/2023\/08\/20230520_091102-1024x768.jpg 1024w, https:\/\/www.autojawaklub.cz\/wp-content\/uploads\/2023\/08\/20230520_091102-768x576.jpg 768w, https:\/\/www.autojawaklub.cz\/wp-content\/uploads\/2023\/08\/20230520_091102-1536x1152.jpg 1536w, https:\/\/www.autojawaklub.cz\/wp-content\/uploads\/2023\/08\/20230520_091102-2048x1536.jpg 2048w, https:\/\/www.autojawaklub.cz\/wp-content\/uploads\/2023\/08\/20230520_091102-1200x900.jpg 1200w\" sizes=\"auto, (max-width: 709px) 85vw, (max-width: 909px) 67vw, (max-width: 1362px) 62vw, 840px\" \/><\/figure>\n\n\n\n<figure class=\"wp-block-image size-large\"><img loading=\"lazy\" decoding=\"async\" width=\"1024\" height=\"768\" src=\"https:\/\/www.autojawaklub.cz\/wp-content\/uploads\/2023\/08\/20230520_091716-1024x768.jpg\" alt=\"\" class=\"wp-image-665\" srcset=\"https:\/\/www.autojawaklub.cz\/wp-content\/uploads\/2023\/08\/20230520_091716-1024x768.jpg 1024w, https:\/\/www.autojawaklub.cz\/wp-content\/uploads\/2023\/08\/20230520_091716-768x576.jpg 768w, https:\/\/www.autojawaklub.cz\/wp-content\/uploads\/2023\/08\/20230520_091716-1536x1152.jpg 1536w, https:\/\/www.autojawaklub.cz\/wp-content\/uploads\/2023\/08\/20230520_091716-2048x1536.jpg 2048w, https:\/\/www.autojawaklub.cz\/wp-content\/uploads\/2023\/08\/20230520_091716-1200x900.jpg 1200w\" sizes=\"auto, (max-width: 709px) 85vw, (max-width: 909px) 67vw, (max-width: 1362px) 62vw, 840px\" \/><\/figure>\n\n\n\n<figure class=\"wp-block-image size-large\"><img loading=\"lazy\" decoding=\"async\" width=\"1024\" height=\"768\" src=\"https:\/\/www.autojawaklub.cz\/wp-content\/uploads\/2023\/08\/20230520_092454-1024x768.jpg\" alt=\"\" class=\"wp-image-666\" srcset=\"https:\/\/www.autojawaklub.cz\/wp-content\/uploads\/2023\/08\/20230520_092454-1024x768.jpg 1024w, https:\/\/www.autojawaklub.cz\/wp-content\/uploads\/2023\/08\/20230520_092454-768x576.jpg 768w, https:\/\/www.autojawaklub.cz\/wp-content\/uploads\/2023\/08\/20230520_092454-1536x1152.jpg 1536w, https:\/\/www.autojawaklub.cz\/wp-content\/uploads\/2023\/08\/20230520_092454-2048x1536.jpg 2048w, https:\/\/www.autojawaklub.cz\/wp-content\/uploads\/2023\/08\/20230520_092454-1200x900.jpg 1200w\" sizes=\"auto, (max-width: 709px) 85vw, (max-width: 909px) 67vw, (max-width: 1362px) 62vw, 840px\" \/><\/figure>\n\n\n\n<figure class=\"wp-block-image size-large\"><img loading=\"lazy\" decoding=\"async\" width=\"1024\" height=\"768\" src=\"https:\/\/www.autojawaklub.cz\/wp-content\/uploads\/2023\/08\/20230520_140907-1024x768.jpg\" alt=\"\" class=\"wp-image-667\" srcset=\"https:\/\/www.autojawaklub.cz\/wp-content\/uploads\/2023\/08\/20230520_140907-1024x768.jpg 1024w, https:\/\/www.autojawaklub.cz\/wp-content\/uploads\/2023\/08\/20230520_140907-768x576.jpg 768w, https:\/\/www.autojawaklub.cz\/wp-content\/uploads\/2023\/08\/20230520_140907-1536x1152.jpg 1536w, https:\/\/www.autojawaklub.cz\/wp-content\/uploads\/2023\/08\/20230520_140907-2048x1536.jpg 2048w, https:\/\/www.autojawaklub.cz\/wp-content\/uploads\/2023\/08\/20230520_140907-1200x900.jpg 1200w\" sizes=\"auto, (max-width: 709px) 85vw, (max-width: 909px) 67vw, (max-width: 1362px) 62vw, 840px\" \/><\/figure>\n\n\n\n<figure class=\"wp-block-image size-large\"><img loading=\"lazy\" decoding=\"async\" width=\"768\" height=\"1024\" src=\"https:\/\/www.autojawaklub.cz\/wp-content\/uploads\/2023\/08\/20230520_140934-768x1024.jpg\" alt=\"\" class=\"wp-image-668\" srcset=\"https:\/\/www.autojawaklub.cz\/wp-content\/uploads\/2023\/08\/20230520_140934-768x1024.jpg 768w, https:\/\/www.autojawaklub.cz\/wp-content\/uploads\/2023\/08\/20230520_140934-1152x1536.jpg 1152w, https:\/\/www.autojawaklub.cz\/wp-content\/uploads\/2023\/08\/20230520_140934-1536x2048.jpg 1536w, https:\/\/www.autojawaklub.cz\/wp-content\/uploads\/2023\/08\/20230520_140934-1200x1600.jpg 1200w, https:\/\/www.autojawaklub.cz\/wp-content\/uploads\/2023\/08\/20230520_140934-scaled.jpg 1920w\" sizes=\"auto, (max-width: 709px) 85vw, (max-width: 909px) 67vw, (max-width: 984px) 61vw, (max-width: 1362px) 45vw, 600px\" \/><\/figure>\n\n\n\n<figure class=\"wp-block-image size-large\"><img loading=\"lazy\" decoding=\"async\" width=\"768\" height=\"1024\" src=\"https:\/\/www.autojawaklub.cz\/wp-content\/uploads\/2023\/08\/20230520_140943-768x1024.jpg\" alt=\"\" class=\"wp-image-669\" srcset=\"https:\/\/www.autojawaklub.cz\/wp-content\/uploads\/2023\/08\/20230520_140943-768x1024.jpg 768w, https:\/\/www.autojawaklub.cz\/wp-content\/uploads\/2023\/08\/20230520_140943-1152x1536.jpg 1152w, https:\/\/www.autojawaklub.cz\/wp-content\/uploads\/2023\/08\/20230520_140943-1536x2048.jpg 1536w, https:\/\/www.autojawaklub.cz\/wp-content\/uploads\/2023\/08\/20230520_140943-1200x1600.jpg 1200w, https:\/\/www.autojawaklub.cz\/wp-content\/uploads\/2023\/08\/20230520_140943-scaled.jpg 1920w\" sizes=\"auto, (max-width: 709px) 85vw, (max-width: 909px) 67vw, (max-width: 984px) 61vw, (max-width: 1362px) 45vw, 600px\" \/><\/figure>\n\n\n\n<figure class=\"wp-block-image size-large\"><img loading=\"lazy\" decoding=\"async\" width=\"1024\" height=\"768\" src=\"https:\/\/www.autojawaklub.cz\/wp-content\/uploads\/2023\/08\/20230520_155619-1024x768.jpg\" alt=\"\" class=\"wp-image-670\" srcset=\"https:\/\/www.autojawaklub.cz\/wp-content\/uploads\/2023\/08\/20230520_155619-1024x768.jpg 1024w, https:\/\/www.autojawaklub.cz\/wp-content\/uploads\/2023\/08\/20230520_155619-768x576.jpg 768w, https:\/\/www.autojawaklub.cz\/wp-content\/uploads\/2023\/08\/20230520_155619-1536x1152.jpg 1536w, https:\/\/www.autojawaklub.cz\/wp-content\/uploads\/2023\/08\/20230520_155619-2048x1536.jpg 2048w, https:\/\/www.autojawaklub.cz\/wp-content\/uploads\/2023\/08\/20230520_155619-1200x900.jpg 1200w\" sizes=\"auto, (max-width: 709px) 85vw, (max-width: 909px) 67vw, (max-width: 1362px) 62vw, 840px\" \/><\/figure>\n\n\n\n<figure class=\"wp-block-image size-large\"><img loading=\"lazy\" decoding=\"async\" width=\"1024\" height=\"768\" src=\"https:\/\/www.autojawaklub.cz\/wp-content\/uploads\/2023\/08\/20230520_155855-1024x768.jpg\" alt=\"\" class=\"wp-image-671\" srcset=\"https:\/\/www.autojawaklub.cz\/wp-content\/uploads\/2023\/08\/20230520_155855-1024x768.jpg 1024w, https:\/\/www.autojawaklub.cz\/wp-content\/uploads\/2023\/08\/20230520_155855-768x576.jpg 768w, https:\/\/www.autojawaklub.cz\/wp-content\/uploads\/2023\/08\/20230520_155855-1536x1152.jpg 1536w, https:\/\/www.autojawaklub.cz\/wp-content\/uploads\/2023\/08\/20230520_155855-2048x1536.jpg 2048w, https:\/\/www.autojawaklub.cz\/wp-content\/uploads\/2023\/08\/20230520_155855-1200x900.jpg 1200w\" sizes=\"auto, (max-width: 709px) 85vw, (max-width: 909px) 67vw, (max-width: 1362px) 62vw, 840px\" \/><\/figure>\n\n\n\n<p>&nbsp;&nbsp; Sobota 20.5.<\/p>\n\n\n\n<p>Dopoledne jsme si  prohl\u00e9dli  S\u00e1zavsk\u00fd  kl\u00e1\u0161ter s pr\u016fvodcem a vystavili jsme  na\u0161e  automobily Jawa p\u0159ed kl\u00e1\u0161terem. Sjelo se n\u00e1s osm  kr\u00e1sn\u00fdch Jawi\u010dek.<\/p>\n\n\n\n<p> Ka\u017ed\u00e1 pos\u00e1dka obdr\u017eela v upom\u00ednku sklenku s motivem S\u00e1zavsk\u00e1ho kl\u00e1\u0161tera a vybrou\u0161en\u00fdm  datem setk\u00e1n\u00ed .Odpoledne jsme odjeli kr\u00e1snou s\u00e1zavskou krajinou p\u0159es Rataje nad S\u00e1zavou do \u010cesk\u00e9ho \u0160ternberka, kde byla priv\u00e1tn\u00ed prohl\u00eddka s pr\u016fvodcem . Pozd\u011bji jsme odjeli do Divi\u0161ova, kde byla op\u011bt priv\u00e1tn\u00ed prohl\u00eddka b\u00fdval\u00e9ho podniku Jawa a sezn\u00e1mili jsme se z histori\u00ed v\u00fdroby motor\u016f po\u010d\u00ednaje S45, p\u0159es Eso45, Jawa Eso a\u017e po dne\u0161n\u00ed JRM 886 nebo- Jawa Racing Motors. Po n\u00e1vratu do S\u00e1zavy jsme se op\u011bt se\u0161li v hostinci Za vodou .<\/p>\n\n\n\n<p>Ned\u011ble 21.5.  Exkurze ve skl\u00e1rn\u00e1ch Kavalier, kde jsme se sezn\u00e1mili se sou\u010dasnou v\u00fdrobou i histori\u00ed .Pozd\u011bji rozlou\u010den\u00ed a odjezd dom\u016f .<\/p>\n\n\n\n<p><strong>Velk\u00e9 d\u00edky duetu   Tom a Tom&nbsp;, kte\u0159\u00ed tento kr\u00e1sn\u00fd sraz vytvo\u0159ili.<\/strong><\/p>\n\n\n\n<figure class=\"wp-block-image size-large\"><img loading=\"lazy\" decoding=\"async\" width=\"768\" height=\"1024\" src=\"https:\/\/www.autojawaklub.cz\/wp-content\/uploads\/2023\/08\/20230519_211508-768x1024.jpg\" alt=\"\" class=\"wp-image-673\" srcset=\"https:\/\/www.autojawaklub.cz\/wp-content\/uploads\/2023\/08\/20230519_211508-768x1024.jpg 768w, https:\/\/www.autojawaklub.cz\/wp-content\/uploads\/2023\/08\/20230519_211508-1152x1536.jpg 1152w, https:\/\/www.autojawaklub.cz\/wp-content\/uploads\/2023\/08\/20230519_211508-1536x2048.jpg 1536w, https:\/\/www.autojawaklub.cz\/wp-content\/uploads\/2023\/08\/20230519_211508-1200x1600.jpg 1200w, https:\/\/www.autojawaklub.cz\/wp-content\/uploads\/2023\/08\/20230519_211508-scaled.jpg 1920w\" sizes=\"auto, (max-width: 709px) 85vw, (max-width: 909px) 67vw, (max-width: 984px) 61vw, (max-width: 1362px) 45vw, 600px\" \/><figcaption>Viceprezident Autojawaklubu  R. V. p\u0159i p\u0159ed\u00e1v\u00e1n\u00ed zku\u0161enost\u00ed.<\/figcaption><\/figure>\n","protected":false},"excerpt":{"rendered":"<p>Stru\u010dn\u00fd popis setk\u00e1n\u00ed automobil\u016f Jawa v S\u00e1zav\u011b 19. &#8211; 21.5.2023 V&nbsp;&nbsp; P\u00e1tek 19.5. b\u011bhem odpoledne jsme p\u0159ijeli do S\u00e1zavy, ubytovali jsme se z \u010d\u00e1sti ve Vile S\u00e1zava a nebo v penzionu Za Vodou . Ob\u011b mo\u017enosti odpov\u00eddaly cen\u011b. Ve\u010der jsme se se\u0161li v hostinci Za vodou, kde bylo sezn\u00e1men\u00ed s programem na p\u0159\u00ed\u0161t\u00ed dny. No &hellip; <a href=\"https:\/\/www.autojawaklub.cz\/index.php\/2023\/08\/24\/vyrocni-sraz-na-sazave\/\" class=\"more-link\">Pokra\u010dovat ve \u010dten\u00ed<span class=\"screen-reader-text\"> &#8222;V\u00fdro\u010dn\u00ed sraz na S\u00e1zav\u011b.&#8220;<\/span><\/a><\/p>\n","protected":false},"author":1,"featured_media":0,"comment_status":"closed","ping_status":"closed","sticky":false,"template":"","format":"standard","meta":{"ngg_post_thumbnail":0,"footnotes":""},"categories":[1],"tags":[],"class_list":["post-663","post","type-post","status-publish","format-standard","hentry","category-uncategorized"],"_links":{"self":[{"href":"https:\/\/www.autojawaklub.cz\/index.php\/wp-json\/wp\/v2\/posts\/663","targetHints":{"allow":["GET"]}}],"collection":[{"href":"https:\/\/www.autojawaklub.cz\/index.php\/wp-json\/wp\/v2\/posts"}],"about":[{"href":"https:\/\/www.autojawaklub.cz\/index.php\/wp-json\/wp\/v2\/types\/post"}],"author":[{"embeddable":true,"href":"https:\/\/www.autojawaklub.cz\/index.php\/wp-json\/wp\/v2\/users\/1"}],"replies":[{"embeddable":true,"href":"https:\/\/www.autojawaklub.cz\/index.php\/wp-json\/wp\/v2\/comments?post=663"}],"version-history":[{"count":2,"href":"https:\/\/www.autojawaklub.cz\/index.php\/wp-json\/wp\/v2\/posts\/663\/revisions"}],"predecessor-version":[{"id":674,"href":"https:\/\/www.autojawaklub.cz\/index.php\/wp-json\/wp\/v2\/posts\/663\/revisions\/674"}],"wp:attachment":[{"href":"https:\/\/www.autojawaklub.cz\/index.php\/wp-json\/wp\/v2\/media?parent=663"}],"wp:term":[{"taxonomy":"category","embeddable":true,"href":"https:\/\/www.autojawaklub.cz\/index.php\/wp-json\/wp\/v2\/categories?post=663"},{"taxonomy":"post_tag","embeddable":true,"href":"https:\/\/www.autojawaklub.cz\/index.php\/wp-json\/wp\/v2\/tags?post=663"}],"curies":[{"name":"wp","href":"https:\/\/api.w.org\/{rel}","templated":true}]}}