{"id":691,"date":"2023-12-22T07:34:18","date_gmt":"2023-12-22T07:34:18","guid":{"rendered":"http:\/\/www.autojawaklub.cz\/?p=691"},"modified":"2023-12-22T07:34:19","modified_gmt":"2023-12-22T07:34:19","slug":"vyrocni-schuze-a-plan-na-rok-2024","status":"publish","type":"post","link":"https:\/\/www.autojawaklub.cz\/index.php\/2023\/12\/22\/vyrocni-schuze-a-plan-na-rok-2024\/","title":{"rendered":"V\u00fdro\u010dn\u00ed sch\u016fze a pl\u00e1n na rok 2024"},"content":{"rendered":"\n<p>V\u00e1\u017een\u00ed kolegov\u00e9,<\/p>\n\n\n\n<p>dne 20.10.2023 prob\u011bhla v Hotelu Roztoky z\u00e1v\u011bre\u010dn\u00e1 sch\u016fze na\u0161eho klubu, kter\u00e9 se z\u00fa\u010dastnili:<\/p>\n\n\n\n<p>J. Antoni, C. V\u00edzek, I. Ne\u010des\u00e1nek, J. Balcar, J. Patr\u00e1k, T. Pa\u010des, T. Seliger, Z. Havel, R. Pilek, J. Kos, J. Sko\u010ddopole,&nbsp;<\/p>\n\n\n\n<p>B. Priadka, J. Kadav\u00fd, J. Martinka, omluveni J. Svoboda a P. Lorenc.<\/p>\n\n\n\n<p>\u00a0 \u00a0 Po p\u0159iv\u00edt\u00e1n\u00ed p\u0159edseda hodnotil \u010d\u00edm jsme pro\u0161li, co jsme organizovali a co jsme za\u017eili za uplynul\u00fd rok. Nejd\u0159\u00edve se op\u011bt vr\u00e1til k akci Varnsdorf &#8211; Grosschonau z lo\u0148sk\u00e9ho roku \/organizoval R. Pilek\/ proto\u017ee to byla prvn\u00ed zahrani\u010dn\u00ed akce klubu!<\/p>\n\n\n\n<p>\u00da\u010dast p\u011bt aut, trochu poruch jinak v\u00fdborn\u00e9 t\u0159i dny. V leto\u0161n\u00edm roce akce S\u00e1zava, t\u0159i dny, \/organizovali T. Pa\u010des a T. Seliger\/ op\u011bt v\u00fdborn\u00e1 organizace a skv\u011bl\u00e9 z\u00e1\u017eitky, Kvasiny + Ledce &#8211; \u00fa\u010dast po zku\u0161enostech z minul\u00fdch let slab\u00e1, do Ledc\u016f ji\u017e nepojedeme, Koko\u0159\u00ednsk\u00e9 \u00fadol\u00ed, t\u0159i dny, \/organizovali C. V\u00edzek, J. Patr\u00e1k\/, ani n\u00e1s nep\u0159ekvapila do posledn\u00edho detailu zorganizovan\u00e1 akce s kr\u00e1sn\u00fdm programem, skv\u011bl\u00e9 z\u00e1\u017eitky. Organiz\u00e1tor\u016fm i \u00fa\u010dastn\u00edk\u016fm bylo nejen slovy p\u0159edsedy ale i ostatn\u00edmi \u00fa\u010dastn\u00edky pod\u011bkov\u00e1no a v\u0161ichni jsme se shodli, \u017ee tento rok se poda\u0159il. Krom\u011b t\u011bchto na\u0161ich akc\u00ed se v\u011bt\u0161ina z n\u00e1s \u00fa\u010dastnila dal\u0161\u00edch akc\u00ed samostatn\u011b.\u00a0<\/p>\n\n\n\n<p>&nbsp; &nbsp;Po bohat\u00e9 diskusi jsme p\u0159e\u0161li k akc\u00edm p\u0159\u00ed\u0161t\u00edho roku a bylo ddohodnuto:<\/p>\n\n\n\n<p>4.5.2024 &#8211; Akce\u00a0 Z\u00e1vod o poh\u00e1r hrab\u011bte Chotka &#8211; VCC \u00dast\u00ed nad Labem &#8211; pro n\u00e1s organizuje R. Pilek akci si prot\u00e1hneme\u00a0\u00a0na t\u0159i dny -\u00fa\u010dast jako klub.<\/p>\n\n\n\n<p>8.6. &#8211; 9.6 &#8211; Sodomkovo Vysok\u00e9 M\u00fdto &#8211; Kvasiny &#8211; organizuje C. V\u00edzek a          P. Lorenc \/M\u00fdto\/, J. Antoni a J. Balcar \/Kvasiny\/,<\/p>\n\n\n\n<p>&nbsp; &nbsp; &nbsp; &nbsp; &nbsp; &nbsp; &nbsp; &nbsp; &nbsp;t\u0159i dny &#8211; \u00fa\u010dast jako klub<\/p>\n\n\n\n<p>2.-4.8.\u00a0 \u00a0 \u00a0&#8211; Vzpom\u00ednkov\u00e1 j\u00edzda na man\u017eele Junkovi Litomy\u0161l &#8211; organizuje J. Antoni, J. Balcar a P. Lorenc &#8211; t\u0159i dny \u00fa\u010dast \u00a0jako jednotlivci s reprezentac\u00ed klubu<\/p>\n\n\n\n<p>27.4.\u00a0 \u00a0 \u00a0 \u00a0 Automobilov\u00e9 klenoty &#8211; organizuje J. Martinka &#8211; jednor\u00e1zov\u00e1 akce \u00fa\u010dast jako klub &#8211; dobrovoln\u00ed \u00fa\u010dastn\u00edci se\u00a0  p\u0159edem p\u0159ihl\u00e1s\u00ed u p\u0159edsedy klubu abychom zorganizovali p\u0159\u00edjezd a dal\u0161\u00ed drobnosti viz &#8211; Pozv\u00e1nka od\u00a0 \u00a0Ji\u0159\u00edho Martinky na dal\u0161\u00ed stran\u011b.<\/p>\n\n\n\n<p>&nbsp; Po projedn\u00e1n\u00ed t\u011bchto z\u00e1sadn\u00edch v\u011bc\u00ed prob\u011bhla jako v\u017edy diskuse na t\u00e9ma ceny , n\u00e1hradn\u00ed d\u00edly, zku\u0161enosti z renovac\u00ed a oprav, n\u00e1\u0161 web, p\u0159\u00edstup k neaktivn\u00edm \u010dlen\u016fm klubu atd. Diskuse se pon\u011bkud prot\u00e1hla a jsem p\u0159esv\u011bd\u010den, \u017ee \u00fa\u010dastn\u00edci spokojen\u011b odj\u00ed\u017ed\u011bli dom\u016f a nebo postupn\u011b \u0161li ulehnout a odj\u00ed\u017ed\u011bli a\u017e po sn\u00eddani r\u00e1no.<\/p>\n\n\n\n<p>&nbsp; &nbsp; Za \u00fa\u010dast a p\u0159\u00edjemn\u00fd ve\u010der d\u011bkuji v\u0161em \u00fa\u010dastn\u00edk\u016fm a t\u011b\u0161\u00edm se na dal\u0161\u00ed osobn\u00ed setk\u00e1n\u00ed.<\/p>\n\n\n\n<p>&nbsp; &nbsp; Jarda Antoni, p\u0159edseda Auto Jawa Klubu \u010cR.&nbsp;<\/p>\n","protected":false},"excerpt":{"rendered":"<p>V\u00e1\u017een\u00ed kolegov\u00e9, dne 20.10.2023 prob\u011bhla v Hotelu Roztoky z\u00e1v\u011bre\u010dn\u00e1 sch\u016fze na\u0161eho klubu, kter\u00e9 se z\u00fa\u010dastnili: J. Antoni, C. V\u00edzek, I. Ne\u010des\u00e1nek, J. Balcar, J. Patr\u00e1k, T. Pa\u010des, T. Seliger, Z. Havel, R. Pilek, J. Kos, J. Sko\u010ddopole,&nbsp; B. Priadka, J. Kadav\u00fd, J. Martinka, omluveni J. Svoboda a P. Lorenc. \u00a0 \u00a0 Po p\u0159iv\u00edt\u00e1n\u00ed p\u0159edseda hodnotil &hellip; <a href=\"https:\/\/www.autojawaklub.cz\/index.php\/2023\/12\/22\/vyrocni-schuze-a-plan-na-rok-2024\/\" class=\"more-link\">Pokra\u010dovat ve \u010dten\u00ed<span class=\"screen-reader-text\"> &#8222;V\u00fdro\u010dn\u00ed sch\u016fze a pl\u00e1n na rok 2024&#8220;<\/span><\/a><\/p>\n","protected":false},"author":1,"featured_media":0,"comment_status":"closed","ping_status":"closed","sticky":false,"template":"","format":"standard","meta":{"ngg_post_thumbnail":0,"footnotes":""},"categories":[1],"tags":[],"class_list":["post-691","post","type-post","status-publish","format-standard","hentry","category-uncategorized"],"_links":{"self":[{"href":"https:\/\/www.autojawaklub.cz\/index.php\/wp-json\/wp\/v2\/posts\/691","targetHints":{"allow":["GET"]}}],"collection":[{"href":"https:\/\/www.autojawaklub.cz\/index.php\/wp-json\/wp\/v2\/posts"}],"about":[{"href":"https:\/\/www.autojawaklub.cz\/index.php\/wp-json\/wp\/v2\/types\/post"}],"author":[{"embeddable":true,"href":"https:\/\/www.autojawaklub.cz\/index.php\/wp-json\/wp\/v2\/users\/1"}],"replies":[{"embeddable":true,"href":"https:\/\/www.autojawaklub.cz\/index.php\/wp-json\/wp\/v2\/comments?post=691"}],"version-history":[{"count":1,"href":"https:\/\/www.autojawaklub.cz\/index.php\/wp-json\/wp\/v2\/posts\/691\/revisions"}],"predecessor-version":[{"id":692,"href":"https:\/\/www.autojawaklub.cz\/index.php\/wp-json\/wp\/v2\/posts\/691\/revisions\/692"}],"wp:attachment":[{"href":"https:\/\/www.autojawaklub.cz\/index.php\/wp-json\/wp\/v2\/media?parent=691"}],"wp:term":[{"taxonomy":"category","embeddable":true,"href":"https:\/\/www.autojawaklub.cz\/index.php\/wp-json\/wp\/v2\/categories?post=691"},{"taxonomy":"post_tag","embeddable":true,"href":"https:\/\/www.autojawaklub.cz\/index.php\/wp-json\/wp\/v2\/tags?post=691"}],"curies":[{"name":"wp","href":"https:\/\/api.w.org\/{rel}","templated":true}]}}