{"id":698,"date":"2024-04-05T10:09:26","date_gmt":"2024-04-05T10:09:26","guid":{"rendered":"http:\/\/www.autojawaklub.cz\/?p=698"},"modified":"2024-04-05T14:18:29","modified_gmt":"2024-04-05T14:18:29","slug":"automobilove-klenoty-se-konaji-uz-za-par-dnu","status":"publish","type":"post","link":"https:\/\/www.autojawaklub.cz\/index.php\/2024\/04\/05\/automobilove-klenoty-se-konaji-uz-za-par-dnu\/","title":{"rendered":"Automobilov\u00e9 klenoty se konaj\u00ed u\u017e za p\u00e1r dn\u016f!"},"content":{"rendered":"\n<figure class=\"wp-block-image size-large\"><img loading=\"lazy\" decoding=\"async\" width=\"1024\" height=\"536\" src=\"https:\/\/www.autojawaklub.cz\/wp-content\/uploads\/2024\/04\/FB_1920-1024x536.jpg\" alt=\"\" class=\"wp-image-701\" srcset=\"https:\/\/www.autojawaklub.cz\/wp-content\/uploads\/2024\/04\/FB_1920-1024x536.jpg 1024w, https:\/\/www.autojawaklub.cz\/wp-content\/uploads\/2024\/04\/FB_1920-768x402.jpg 768w, https:\/\/www.autojawaklub.cz\/wp-content\/uploads\/2024\/04\/FB_1920-1536x804.jpg 1536w, https:\/\/www.autojawaklub.cz\/wp-content\/uploads\/2024\/04\/FB_1920-1200x628.jpg 1200w, https:\/\/www.autojawaklub.cz\/wp-content\/uploads\/2024\/04\/FB_1920.jpg 1920w\" sizes=\"auto, (max-width: 709px) 85vw, (max-width: 909px) 67vw, (max-width: 1362px) 62vw, 840px\" \/><\/figure>\n\n\n\n<p> K organizaci programu \u201e90. let automobil\u016f Jawa\u201c: Celou akci ideov\u011b p\u0159ipravuji a \u0159\u00edd\u00edm j\u00e1, tak\u017ee si to m\u016f\u017eeme ud\u011blat, jak budeme cht\u00edt \ufffd\ufffd\ufffd\ufffd Budu samoz\u0159ejm\u011b moc r\u00e1d, pokud se \u010dlenov\u00e9 klubu aktivn\u011b zapoj\u00ed do p\u0159\u00edprav \u2013 pomohou s organizac\u00ed \u201esekce Jawa\u201c na m\u00edst\u011b, ale t\u0159eba i jen n\u00e1padem, jak bychom mohli v\u0161e pojmout a dob\u0159e propagovat na\u0161i zna\u010dku aut Jawa. Zat\u00edm m\u00e1m vymy\u0161len\u00e9 v r\u00e1mci cel\u00e9 akce tohle: 1. \u00fa\u010dast voz\u016f Jawa v moderovan\u00e9m defil\u00e9 v\u0161ech automobil\u016f na \u010derven\u00e9m koberci 2. div\u00e1ck\u00e1 anketa o nejatraktivn\u011bj\u0161\u00ed v\u016fz Jawa 3. cena odborn\u00e9 poroty o nejl\u00e9pe provedenou renovaci vozu Jawa 4. grafick\u00e9 info panely o historii automobil\u016f Jawa a Aero \u2013 Minor (spolupr\u00e1ci p\u0159isl\u00edbil Honza Kr\u00e1l\u00edk) 5. samoz\u0159ejm\u011b spole\u010dn\u00e1 fotografie \u010dlen\u016f na\u0161eho klubu 6. r\u00e1d bych na akci tak\u00e9 kolegy s vozy Aero Minor, je jasn\u00e9, \u017ee tyto vozy k historii zna\u010dky Jawa jednozna\u010dn\u011b pat\u0159\u00ed 7. na akci m\u016f\u017eeme samoz\u0159ejm\u011b jakkoli propagovat n\u00e1\u0161 klub (i dal\u0161\u00ed aktivity, nap\u0159. Jardovo museum. V minul\u00fdch ro\u010dn\u00edc\u00edch se mi poda\u0159ilo p\u011bkn\u00e9 medi\u00e1ln\u00ed pokryt\u00ed v\u010d. 3 report\u00e1\u017e\u00ed a pozv\u00e1nek na TV Prima, tak\u017ee bychom mohli b\u00fdt dob\u0159e vid\u011bt! D\u00edky za n\u00e1pady a doporu\u010den\u00ed, Jirka prezident@golfhostivar.cz, 606 640 340 <\/p>\n","protected":false},"excerpt":{"rendered":"<p>K organizaci programu \u201e90. let automobil\u016f Jawa\u201c: Celou akci ideov\u011b p\u0159ipravuji a \u0159\u00edd\u00edm j\u00e1, tak\u017ee si to m\u016f\u017eeme ud\u011blat, jak budeme cht\u00edt \ufffd\ufffd\ufffd\ufffd Budu samoz\u0159ejm\u011b moc r\u00e1d, pokud se \u010dlenov\u00e9 klubu aktivn\u011b zapoj\u00ed do p\u0159\u00edprav \u2013 pomohou s organizac\u00ed \u201esekce Jawa\u201c na m\u00edst\u011b, ale t\u0159eba i jen n\u00e1padem, jak bychom mohli v\u0161e pojmout a dob\u0159e &hellip; <a href=\"https:\/\/www.autojawaklub.cz\/index.php\/2024\/04\/05\/automobilove-klenoty-se-konaji-uz-za-par-dnu\/\" class=\"more-link\">Pokra\u010dovat ve \u010dten\u00ed<span class=\"screen-reader-text\"> &#8222;Automobilov\u00e9 klenoty se konaj\u00ed u\u017e za p\u00e1r dn\u016f!&#8220;<\/span><\/a><\/p>\n","protected":false},"author":1,"featured_media":0,"comment_status":"closed","ping_status":"closed","sticky":false,"template":"","format":"standard","meta":{"ngg_post_thumbnail":0,"footnotes":""},"categories":[1],"tags":[],"class_list":["post-698","post","type-post","status-publish","format-standard","hentry","category-uncategorized"],"_links":{"self":[{"href":"https:\/\/www.autojawaklub.cz\/index.php\/wp-json\/wp\/v2\/posts\/698","targetHints":{"allow":["GET"]}}],"collection":[{"href":"https:\/\/www.autojawaklub.cz\/index.php\/wp-json\/wp\/v2\/posts"}],"about":[{"href":"https:\/\/www.autojawaklub.cz\/index.php\/wp-json\/wp\/v2\/types\/post"}],"author":[{"embeddable":true,"href":"https:\/\/www.autojawaklub.cz\/index.php\/wp-json\/wp\/v2\/users\/1"}],"replies":[{"embeddable":true,"href":"https:\/\/www.autojawaklub.cz\/index.php\/wp-json\/wp\/v2\/comments?post=698"}],"version-history":[{"count":2,"href":"https:\/\/www.autojawaklub.cz\/index.php\/wp-json\/wp\/v2\/posts\/698\/revisions"}],"predecessor-version":[{"id":702,"href":"https:\/\/www.autojawaklub.cz\/index.php\/wp-json\/wp\/v2\/posts\/698\/revisions\/702"}],"wp:attachment":[{"href":"https:\/\/www.autojawaklub.cz\/index.php\/wp-json\/wp\/v2\/media?parent=698"}],"wp:term":[{"taxonomy":"category","embeddable":true,"href":"https:\/\/www.autojawaklub.cz\/index.php\/wp-json\/wp\/v2\/categories?post=698"},{"taxonomy":"post_tag","embeddable":true,"href":"https:\/\/www.autojawaklub.cz\/index.php\/wp-json\/wp\/v2\/tags?post=698"}],"curies":[{"name":"wp","href":"https:\/\/api.w.org\/{rel}","templated":true}]}}