{"id":714,"date":"2024-06-04T07:13:47","date_gmt":"2024-06-04T07:13:47","guid":{"rendered":"http:\/\/www.autojawaklub.cz\/?p=714"},"modified":"2024-06-04T07:13:48","modified_gmt":"2024-06-04T07:13:48","slug":"setkani-ve-vysokem-myte-v-ramci-oslavy-90-let-od-zahajeni-vyroby-automobilu-jawa","status":"publish","type":"post","link":"https:\/\/www.autojawaklub.cz\/index.php\/2024\/06\/04\/setkani-ve-vysokem-myte-v-ramci-oslavy-90-let-od-zahajeni-vyroby-automobilu-jawa\/","title":{"rendered":"Setk\u00e1n\u00ed ve Vysok\u00e9m M\u00fdt\u011b v r\u00e1mci oslavy 90 let od zah\u00e1jen\u00ed v\u00fdroby automobil\u016f Jawa"},"content":{"rendered":"\n<p>Velice v\u00e1s zdrav\u00edm,<\/p>\n\n\n\n<p>tak jak jsem sl\u00edbil, uve\u0159ej\u0148uji p\u0159edb\u011b\u017en\u00e9 informace o setk\u00e1n\u00ed ve Vysok\u00e9m M\u00fdt\u011b, kte\u0159\u00ed se p\u0159edb\u011b\u017en\u011b p\u0159ihl\u00e1sili po\u0161lu p\u0159esn\u011bj\u0161\u00ed informace mailem. Ve st\u0159edu jsem se vr\u00e1til z M\u00fdta, kde jsem dojednal podrobnosti k na\u0161\u00ed akci. Cel\u00e1 tato akce se ponese v duchu oslavy 90-ti let v\u00fdroby prvn\u00edch automobil\u016f Jawa.\u00a0\u00a0Na d\u0159\u00edve ji\u017e uveden\u00e9m programu se nic nem\u011bn\u00ed, tak jak bylo uvedeno ji\u017e d\u0159\u00edve.\u00a0Konkr\u00e9tn\u011b to bude prob\u00edhat takto:\u00a0<\/p>\n\n\n\n<p>V p\u00e1tek 7.6. -p\u0159\u00edjezd \u00fa\u010dastn\u00edk\u016f v odpoledn\u00edch hodin\u00e1ch pokud mo\u017eno do 17. hod. do Muzea \u010desk\u00e9ho karos\u00e1\u0159stv\u00ed na n\u00e1m\u011bst\u00ed P\u0159emysla Otakata II, kde bude ob\u010derstven\u00ed a budou p\u0159ed\u00e1ny materi\u00e1ly , informace o pr\u016fb\u011bhu akce a vybr\u00e1n finan\u010dn\u00ed doplatek.&nbsp; (kdo to nestihne domluv\u00edme, kam se m\u00e1 dostavit telefonem.) Ubytov\u00e1n\u00ed, ve\u010de\u0159e v Jangelci a spole\u010dn\u00e9 pro\u017eit\u00ed ve\u010dera.<\/p>\n\n\n\n<p>V sobotu 8.6. p\u0159\u00edjezd ostatn\u00edch \u00fa\u010dastn\u00edk\u016f na n\u00e1m\u011bst\u00ed ve Vysok\u00e9m M\u00fdt\u011b a v\u00fdstava na\u0161ich automobil\u016f Jawa a tak\u00e9 automobil\u016f karosovan\u00fdch firmou Sodomka&nbsp;<strong>od 8,30 hod<\/strong>. V\u0161ichni m\u016f\u017eou po dobu v\u00fdstavy vyu\u017e\u00edt n\u00e1v\u0161t\u011bvy muzea, kav\u00e1rny, a pestr\u00e9ho programu na n\u00e1m\u011bst\u00ed.(prost\u011b ka\u017ed\u00fd kdo co chce) Ve 13. hodin odjezd na ob\u011bd do penzionu Jangelec a po ob\u011bdu odjezd do \u010cesk\u00e9 T\u0159ebov\u00e9. Tam vystav\u00edme vozidla a m\u00e1me mo\u017enost n\u00e1v\u0161t\u011bvy M\u011bstsk\u00e9ho muzea na expozici &#8222;Velorexem&#8220; o stavb\u011b a konstrukci t\u011bchto vozidel. Kdo nep\u016fjde , bude k dispozici kav\u00e1rna a voln\u00fd program do cca 17. hodin. Po t\u00e9 odjezd do Vysok\u00e9ho M\u00fdta, kde bude spole\u010dn\u00e1 ve\u010de\u0159e a vyhodnocen\u00ed spole\u010dn\u00e9 akce v Jangelci a ve\u010dern\u00ed pov\u00edd\u00e1n\u00ed.(a pit\u00ed)<\/p>\n\n\n\n<p>V ned\u011bli 9.6 po sn\u00eddani odjezd na z\u00e1me\u010dek do Kvasin na akci s veter\u00e1ny op\u011bt s tematick\u00fdm zam\u011b\u0159en\u00edm na 90. v\u00fdro\u010d\u00ed. Ukon\u010den\u00ed spole\u010dnou j\u00edzdou v Kvasin\u00e1ch cca 13. hod.&nbsp;<\/p>\n\n\n\n<p>Ubytov\u00e1n\u00ed v\u0161ech bude v penzionu Jangelec a ve Vysok\u00e9m M\u00fdt\u011b v penzionu Pod v\u011b\u017e\u00ed. Sn\u00eddan\u011b budou zaji\u0161t\u011bny v m\u00edst\u011b ubytov\u00e1n\u00ed. Ob\u011bdy a ve\u010de\u0159e budou jednotn\u00e9 v Jangelci, kde budou tak\u00e9 prob\u00edhat spole\u010dn\u00e9 ve\u010dery a v sobotu vyhodnocen\u00ed akce. P\u0159eprava ubytovan\u00fdch mezi penziony je zaji\u0161t\u011bno. Ust\u00e1jen\u00ed na\u0161ich vozidel bude v uzav\u0159en\u00e9m prostoru j\u00edzd\u00e1rny v Jangelci. Takt\u00e9\u017e parkov\u00e1n\u00ed p\u0159\u00edv\u011bs\u016f bude na stejn\u00e9m m\u00edst\u011b. (v M\u00fdt\u011b na n\u011b nen\u00ed prostor).<\/p>\n\n\n\n<p>Jak to bude s financemi. Povedlo se mi zajistit sponzorsk\u00e9 dary na tuto akci, tak to bude takto. Cena na osobu a den je&nbsp;<strong>1000,-K\u010d<\/strong>. Ti, kte\u0159\u00ed p\u0159ijedou s vozidlem tak to bude pro pos\u00e1dku&nbsp;<strong>800,-K\u010d&nbsp;<\/strong>za den, nebo\u0165 je to \u010d\u00e1ste\u010dn\u00e1 kompenzace n\u00e1klad\u016f na dopravu.(p\u0159\u00edklad: p\u0159\u00edjezd v p\u00e1tek s vozidlem 2 osoby, ubytov\u00e1n\u00ed p\u00e1, so t.j. 3200,-K\u010d, bez vozidla 4000,-K\u010d) .&nbsp; V cen\u011b je ubytov\u00e1n\u00ed, sn\u00eddan\u011b, ob\u011bd, 2 ve\u010de\u0159e , v\u00fdroba startovn\u00edch \u010d\u00edsel, parkov\u00e1n\u00ed, propagace, vstupy do muzea karos\u00e1\u0159stv\u00ed i hasi\u010d\u016f. Ti, kte\u0159\u00ed p\u0159ijedou s vozidlem jen na sobotu a nebudou sp\u00e1t, tak nic neplat\u00ed, maj\u00ed zaji\u0161t\u011bno stravov\u00e1n\u00ed. K j\u00eddlu je v cen\u011b 1 n\u00e1poj. To co si kdo objedn\u00e1 nav\u00edc si plat\u00ed. D\u016fle\u017eit\u00e1 informace je, \u017ee se mus\u00edte<strong>&nbsp;vybavit finan\u010dn\u00ed hotovost\u00ed<\/strong>, proto\u017ee v Jangelci se ned\u00e1 platit kartou.&nbsp;<\/p>\n\n\n\n<p>Tak snad jsem to&nbsp;popsal dostate\u010dn\u011b podrobn\u011b a nyn\u00ed je to jen na v\u00e1s, zda mi z\u00e1vazn\u011b potvrd\u00edte svoji \u00fa\u010dast, abych mohl uhradit blokace ubytov\u00e1n\u00ed, nechat vyrobit startovn\u00ed \u010d\u00edsla a propaga\u010dn\u00ed materi\u00e1ly. Pokud ano,&nbsp;<strong>pot\u0159ebuji va\u0161e rozhodnut\u00ed do&nbsp; 5.5.2024. Fakt je to d\u016fle\u017eit\u00e9!!!<\/strong>&nbsp;S t\u00edmto je spojen\u00e1 \u00fahrada z\u00e1lohy na ubytov\u00e1n\u00ed, kterou mi po\u0161lete na \u010d.\u00fa\u010dtu&nbsp;<strong>9704802002\/5500&nbsp;<\/strong>a to ve v\u00fd\u0161i&nbsp;<strong>400,-K\u010d na osobu a den.&nbsp;<\/strong>Do zpr\u00e1vy pro p\u0159\u00edjemce napi\u0161te&nbsp;<strong>z\u00e1loha M\u00fdto a svoje jm\u00e9no.&nbsp;&nbsp;<\/strong>Pro va\u0161i informaci by se n\u00e1s tam m\u011blo sej\u00edt okolo t\u0159iceti a Jawi\u010dek by m\u011blo b\u00fdt okolo 14. vozidel. Po t\u00e9 se s v\u00e1mi spoj\u00edm a dopln\u00edme pot\u0159ebn\u00e9 informace o vozidle. Tak\u00e9 v\u0161ichni dostanete osobn\u00ed vizitky se jm\u00e9nem a logem klubu a to proto, \u017ee v\u0161echna na\u0161e vozidla budou na n\u00e1m\u011bst\u00ed vystavena za p\u00e1skou a uprost\u0159ed mezi vozidly se budeme pohybovat pouze my a vlastn\u00edci Sodomkov\u00fdch vozidel. Tak aby jsme v\u011bd\u011bli v\u0161ichni, \u017ee tam do tohoto prostoru pat\u0159\u00edme a m\u016f\u017eeme si v\u0161echna vozidla prohl\u00ed\u017eet v uzav\u0159en\u00e9m prostoru.&nbsp;<\/p>\n\n\n\n<p>Tak a to je snad v\u0161e. T\u011b\u0161\u00edm se na va\u0161e odpov\u011bdi a douf\u00e1m, \u017ee se tato akce povede nejm\u00e9n\u011b tak p\u011bkn\u011b jako jsme m\u011bli akce v roce 2023.<\/p>\n\n\n\n<p>S pozdravem &#8222;Jawi\u010dk\u00e1m zdar&#8220;<\/p>\n\n\n\n<p>Ctirad (Radek) V\u00edzek&nbsp; &nbsp;<\/p>\n","protected":false},"excerpt":{"rendered":"<p>Velice v\u00e1s zdrav\u00edm, tak jak jsem sl\u00edbil, uve\u0159ej\u0148uji p\u0159edb\u011b\u017en\u00e9 informace o setk\u00e1n\u00ed ve Vysok\u00e9m M\u00fdt\u011b, kte\u0159\u00ed se p\u0159edb\u011b\u017en\u011b p\u0159ihl\u00e1sili po\u0161lu p\u0159esn\u011bj\u0161\u00ed informace mailem. Ve st\u0159edu jsem se vr\u00e1til z M\u00fdta, kde jsem dojednal podrobnosti k na\u0161\u00ed akci. Cel\u00e1 tato akce se ponese v duchu oslavy 90-ti let v\u00fdroby prvn\u00edch automobil\u016f Jawa.\u00a0\u00a0Na d\u0159\u00edve ji\u017e uveden\u00e9m programu &hellip; <a href=\"https:\/\/www.autojawaklub.cz\/index.php\/2024\/06\/04\/setkani-ve-vysokem-myte-v-ramci-oslavy-90-let-od-zahajeni-vyroby-automobilu-jawa\/\" class=\"more-link\">Pokra\u010dovat ve \u010dten\u00ed<span class=\"screen-reader-text\"> &#8222;Setk\u00e1n\u00ed ve Vysok\u00e9m M\u00fdt\u011b v r\u00e1mci oslavy 90 let od zah\u00e1jen\u00ed v\u00fdroby automobil\u016f Jawa&#8220;<\/span><\/a><\/p>\n","protected":false},"author":1,"featured_media":0,"comment_status":"closed","ping_status":"closed","sticky":false,"template":"","format":"standard","meta":{"ngg_post_thumbnail":0,"footnotes":""},"categories":[1],"tags":[],"class_list":["post-714","post","type-post","status-publish","format-standard","hentry","category-uncategorized"],"_links":{"self":[{"href":"https:\/\/www.autojawaklub.cz\/index.php\/wp-json\/wp\/v2\/posts\/714","targetHints":{"allow":["GET"]}}],"collection":[{"href":"https:\/\/www.autojawaklub.cz\/index.php\/wp-json\/wp\/v2\/posts"}],"about":[{"href":"https:\/\/www.autojawaklub.cz\/index.php\/wp-json\/wp\/v2\/types\/post"}],"author":[{"embeddable":true,"href":"https:\/\/www.autojawaklub.cz\/index.php\/wp-json\/wp\/v2\/users\/1"}],"replies":[{"embeddable":true,"href":"https:\/\/www.autojawaklub.cz\/index.php\/wp-json\/wp\/v2\/comments?post=714"}],"version-history":[{"count":1,"href":"https:\/\/www.autojawaklub.cz\/index.php\/wp-json\/wp\/v2\/posts\/714\/revisions"}],"predecessor-version":[{"id":715,"href":"https:\/\/www.autojawaklub.cz\/index.php\/wp-json\/wp\/v2\/posts\/714\/revisions\/715"}],"wp:attachment":[{"href":"https:\/\/www.autojawaklub.cz\/index.php\/wp-json\/wp\/v2\/media?parent=714"}],"wp:term":[{"taxonomy":"category","embeddable":true,"href":"https:\/\/www.autojawaklub.cz\/index.php\/wp-json\/wp\/v2\/categories?post=714"},{"taxonomy":"post_tag","embeddable":true,"href":"https:\/\/www.autojawaklub.cz\/index.php\/wp-json\/wp\/v2\/tags?post=714"}],"curies":[{"name":"wp","href":"https:\/\/api.w.org\/{rel}","templated":true}]}}