{"id":737,"date":"2024-10-07T07:15:49","date_gmt":"2024-10-07T07:15:49","guid":{"rendered":"http:\/\/www.autojawaklub.cz\/?p=737"},"modified":"2024-10-07T07:15:50","modified_gmt":"2024-10-07T07:15:50","slug":"vyrocni-schuze-autojawaklubu-2","status":"publish","type":"post","link":"https:\/\/www.autojawaklub.cz\/index.php\/2024\/10\/07\/vyrocni-schuze-autojawaklubu-2\/","title":{"rendered":"V\u00fdro\u010dn\u00ed sch\u016fze Autojawaklubu."},"content":{"rendered":"\n<p>Dne 4.10.2024 se uskute\u010dnila v\u00fdro\u010dn\u00ed shrom\u00e1\u017ed\u011bn\u00ed \u010dlen\u016f Autojawaklubu v hotelu  Roztoky  v Roztok\u00e1ch u K\u0159ivokl\u00e1tu. Pan p\u0159edseda Ing. Antoni se ujal slova, zhodnotil akce prob\u011bhl\u00e9 v tomto roce. Zd\u016fraznil \u0161patnou organizaci po\u0159adatel\u016f akce ve Kvasin\u00e1ch. Vyzvedl a pochv\u00e1lil  m\u00edstop\u0159edsedu  Autojawaklubu  Ctirada V\u00edzka za vynikaj\u00edc\u00ed organizaci 3 denn\u00ed akce ve Vysok\u00e9m M\u00fdt\u011b. Pan P\u0159edseda d\u00e1le upozornil na pl\u00e1novan\u00e9 akci v roce 2025, kter se bohu\u017eel nahromadily do m\u011bs\u00edce \u010dervna. 1, weekend v \u010dervnu Sraz na z\u00e1mku Kvasiny + Ledce, 11-13.6 pozval v\u0161echny na zah\u00e1jen\u00ed, eventueln\u011b na dojezd 1000Mil \u010ceskoslovensk\u00fdch a pak 20.6. na 3 denn\u00ed sraz organizovan\u00fd Jirkou Svobodou v Bechyni. P\u0159ihl\u00e1\u0161ky na tuto akci nutno poslat do 15.1. 2025<\/p>\n\n\n\n<p>D\u00e1le pan p\u0159edseda p\u0159edal slovo Dr. V\u011btvi\u010dkovi, kter\u00fd povypr\u00e1v\u011bl o sv\u00e9 \u00fa\u010dasti na Retro Le-Mans Classic s vozem Aero Minor jako opakov\u00e1n\u00ed \u00fa\u010dasti  stejn\u00e9ho vozu v roce 1949. Nevyhr\u00e1l, ale dojel.<\/p>\n","protected":false},"excerpt":{"rendered":"<p>Dne 4.10.2024 se uskute\u010dnila v\u00fdro\u010dn\u00ed shrom\u00e1\u017ed\u011bn\u00ed \u010dlen\u016f Autojawaklubu v hotelu Roztoky v Roztok\u00e1ch u K\u0159ivokl\u00e1tu. Pan p\u0159edseda Ing. Antoni se ujal slova, zhodnotil akce prob\u011bhl\u00e9 v tomto roce. Zd\u016fraznil \u0161patnou organizaci po\u0159adatel\u016f akce ve Kvasin\u00e1ch. Vyzvedl a pochv\u00e1lil m\u00edstop\u0159edsedu Autojawaklubu Ctirada V\u00edzka za vynikaj\u00edc\u00ed organizaci 3 denn\u00ed akce ve Vysok\u00e9m M\u00fdt\u011b. Pan P\u0159edseda d\u00e1le upozornil &hellip; <a href=\"https:\/\/www.autojawaklub.cz\/index.php\/2024\/10\/07\/vyrocni-schuze-autojawaklubu-2\/\" class=\"more-link\">Pokra\u010dovat ve \u010dten\u00ed<span class=\"screen-reader-text\"> &#8222;V\u00fdro\u010dn\u00ed sch\u016fze Autojawaklubu.&#8220;<\/span><\/a><\/p>\n","protected":false},"author":1,"featured_media":0,"comment_status":"closed","ping_status":"closed","sticky":false,"template":"","format":"standard","meta":{"ngg_post_thumbnail":0,"footnotes":""},"categories":[1],"tags":[],"class_list":["post-737","post","type-post","status-publish","format-standard","hentry","category-uncategorized"],"_links":{"self":[{"href":"https:\/\/www.autojawaklub.cz\/index.php\/wp-json\/wp\/v2\/posts\/737","targetHints":{"allow":["GET"]}}],"collection":[{"href":"https:\/\/www.autojawaklub.cz\/index.php\/wp-json\/wp\/v2\/posts"}],"about":[{"href":"https:\/\/www.autojawaklub.cz\/index.php\/wp-json\/wp\/v2\/types\/post"}],"author":[{"embeddable":true,"href":"https:\/\/www.autojawaklub.cz\/index.php\/wp-json\/wp\/v2\/users\/1"}],"replies":[{"embeddable":true,"href":"https:\/\/www.autojawaklub.cz\/index.php\/wp-json\/wp\/v2\/comments?post=737"}],"version-history":[{"count":1,"href":"https:\/\/www.autojawaklub.cz\/index.php\/wp-json\/wp\/v2\/posts\/737\/revisions"}],"predecessor-version":[{"id":738,"href":"https:\/\/www.autojawaklub.cz\/index.php\/wp-json\/wp\/v2\/posts\/737\/revisions\/738"}],"wp:attachment":[{"href":"https:\/\/www.autojawaklub.cz\/index.php\/wp-json\/wp\/v2\/media?parent=737"}],"wp:term":[{"taxonomy":"category","embeddable":true,"href":"https:\/\/www.autojawaklub.cz\/index.php\/wp-json\/wp\/v2\/categories?post=737"},{"taxonomy":"post_tag","embeddable":true,"href":"https:\/\/www.autojawaklub.cz\/index.php\/wp-json\/wp\/v2\/tags?post=737"}],"curies":[{"name":"wp","href":"https:\/\/api.w.org\/{rel}","templated":true}]}}