{"id":740,"date":"2024-10-21T09:42:25","date_gmt":"2024-10-21T09:42:25","guid":{"rendered":"http:\/\/www.autojawaklub.cz\/?p=740"},"modified":"2024-11-22T06:06:54","modified_gmt":"2024-11-22T06:06:54","slug":"pozvanka-na-akci-autojawaklubu","status":"publish","type":"post","link":"https:\/\/www.autojawaklub.cz\/index.php\/2024\/10\/21\/pozvanka-na-akci-autojawaklubu\/","title":{"rendered":"Pozv\u00e1nka na akci Autojawaklubu"},"content":{"rendered":"\n<p><strong>Zemsk\u00fd sjezd automobil\u016f&nbsp; JAWA v&nbsp;Bechyni 20.6.&nbsp; &#8211;&nbsp;\n22.6. 2025<\/strong><\/p>\n\n\n\n<p>&nbsp;&nbsp;&nbsp;&nbsp;&nbsp;&nbsp;&nbsp;&nbsp;&nbsp;&nbsp;&nbsp;&nbsp;&nbsp;&nbsp;&nbsp;&nbsp;&nbsp;&nbsp;&nbsp;&nbsp;&nbsp;&nbsp;&nbsp;&nbsp;&nbsp;&nbsp;&nbsp;&nbsp; &nbsp;&nbsp;&nbsp;&nbsp;&nbsp;&nbsp;&nbsp;&nbsp;&nbsp;&nbsp;&nbsp;&nbsp;&nbsp;&nbsp;&nbsp;&nbsp;&nbsp;&nbsp;&nbsp;&nbsp;&nbsp;&nbsp;&nbsp;&nbsp;<strong>P\u00e1tek 20.6.<\/strong><\/p>\n\n\n\n<p>14:00 \u2013\n17:00&nbsp; dojezd \u00fa\u010dastn\u00edk\u016f ke&nbsp;golfov\u00e9mu\nh\u0159i\u0161ti \u010cernick\u00e1 obora&nbsp;&nbsp;&nbsp;&nbsp;&nbsp;&nbsp;&nbsp;&nbsp;&nbsp;&nbsp;&nbsp;&nbsp;&nbsp;&nbsp;&nbsp;&nbsp;&nbsp;&nbsp;&nbsp;&nbsp;&nbsp;&nbsp;&nbsp;&nbsp;&nbsp;&nbsp;&nbsp;&nbsp;&nbsp;&nbsp;&nbsp;&nbsp; Sudom\u011b\u0159ice u\nBechyn\u011b 43 &nbsp;&nbsp;&nbsp;&nbsp;&nbsp;&nbsp;&nbsp;Panstv\u00ed Bechyn\u011b<\/p>\n\n\n\n<p>18:00 \u2013\n19:00 &nbsp;gar\u00e1\u017eov\u00e1n\u00ed automobil\u016f u penzionu\nGolf<\/p>\n\n\n\n<p>19:30&nbsp;&nbsp;&nbsp;&nbsp;&nbsp;&nbsp;&nbsp;&nbsp;&nbsp;&nbsp;&nbsp;&nbsp;&nbsp;&nbsp;&nbsp; ve\u010de\u0159e v penzionu Golf a\nubytov\u00e1n\u00ed<\/p>\n\n\n\n<p>20:30&nbsp;&nbsp;&nbsp;&nbsp; Beseda a&nbsp;\nprom\u00edt\u00e1n\u00ed s&nbsp;panem Petrem Ho\u0161\u0165\u00e1lkem (veter\u00e1nsk\u00fd muzejn\u00edk,\u00fa\u010dastn\u00edk\nmnoha z\u00e1vod\u016f a expedic- Peking Pa\u0159\u00ed\u017e, hedv\u00e1bn\u00e1 stezka v&nbsp;\u010c\u00edn\u011b, bavor\u00e1kem do\nStalingradu atd) v&nbsp;hlavn\u00edm s\u00e1le loveck\u00e9ho z\u00e1me\u010dku-vedle penzionu Golf&nbsp;&nbsp;&nbsp; <\/p>\n\n\n\n<p>&nbsp;&nbsp;&nbsp;&nbsp;&nbsp;&nbsp;&nbsp;&nbsp;&nbsp;&nbsp;&nbsp;&nbsp;&nbsp;&nbsp;&nbsp;&nbsp;&nbsp;&nbsp;&nbsp;&nbsp;&nbsp;&nbsp;&nbsp;&nbsp;&nbsp;&nbsp;&nbsp;&nbsp;&nbsp;&nbsp;&nbsp;&nbsp;&nbsp;&nbsp;&nbsp;&nbsp;&nbsp;&nbsp;&nbsp;&nbsp;&nbsp;&nbsp;&nbsp;&nbsp;&nbsp;&nbsp;&nbsp;&nbsp;&nbsp;&nbsp;&nbsp;&nbsp;&nbsp;\n<strong>Sobota 21.6.&nbsp;&nbsp;&nbsp;&nbsp;&nbsp;&nbsp;&nbsp;&nbsp;&nbsp;&nbsp;&nbsp;&nbsp;&nbsp;&nbsp;&nbsp;&nbsp;&nbsp;&nbsp;&nbsp;&nbsp;&nbsp;&nbsp; &nbsp;&nbsp;&nbsp;&nbsp;&nbsp;&nbsp;&nbsp;&nbsp;&nbsp;&nbsp;&nbsp;&nbsp;&nbsp;&nbsp;&nbsp;&nbsp;&nbsp;&nbsp;&nbsp;&nbsp;&nbsp;&nbsp;&nbsp;&nbsp;&nbsp;&nbsp;&nbsp;&nbsp;&nbsp;<\/strong><\/p>\n\n\n\n<p>8:00 \u2013\n9:00&nbsp;&nbsp;&nbsp;&nbsp;&nbsp;&nbsp; &nbsp;&nbsp;&nbsp;&nbsp;sn\u00eddan\u011b v&nbsp;penzionu Golf<\/p>\n\n\n\n<p>9:30&nbsp;&nbsp;&nbsp;&nbsp;&nbsp;&nbsp;&nbsp;&nbsp;&nbsp;&nbsp;&nbsp;&nbsp;&nbsp;&nbsp;&nbsp; &nbsp;&nbsp;&nbsp;&nbsp;&nbsp;&nbsp;&nbsp;&nbsp;odjez\nna v\u00fdlet&nbsp;&nbsp; &nbsp;&#8211; veter\u00e1n muzeum Po\u0159e\u017eany&nbsp;&nbsp;&nbsp;&nbsp;&nbsp;&nbsp;&nbsp;&nbsp;&nbsp;&nbsp;&nbsp;&nbsp;&nbsp;&nbsp;&nbsp;&nbsp;&nbsp;&nbsp; &nbsp;&nbsp;&nbsp;&nbsp;&nbsp;&nbsp;&nbsp;&nbsp;&nbsp;&nbsp;&nbsp;&nbsp;&nbsp;&nbsp;\u2013 <strong>20\nkm<\/strong><\/p>\n\n\n\n<p>10:15 \u2013\n12:15&nbsp; &nbsp;&nbsp;&nbsp;&nbsp;&nbsp;&nbsp;n\u00e1v\u0161t\u011bva veter\u00e1n muzea Po\u0159e\u017eany<\/p>\n\n\n\n<p>12:20&nbsp;&nbsp;&nbsp;&nbsp;&nbsp;&nbsp;&nbsp;&nbsp;&nbsp;&nbsp;&nbsp;&nbsp;&nbsp; &nbsp;&nbsp;&nbsp;&nbsp;&nbsp;&nbsp;&nbsp;&nbsp;odjezd na ob\u011bd &nbsp;\u2013 penzion \u010cenkov&nbsp;&nbsp;&nbsp;&nbsp;&nbsp;&nbsp;&nbsp;&nbsp;&nbsp;&nbsp;&nbsp;&nbsp;&nbsp;&nbsp;&nbsp;&nbsp;&nbsp;&nbsp;&nbsp;&nbsp;&nbsp;&nbsp;&nbsp;&nbsp;&nbsp;&nbsp;&nbsp;&nbsp;&nbsp;&nbsp;&nbsp;&nbsp;&nbsp;&nbsp;&nbsp;&nbsp;&nbsp;&nbsp;&nbsp;&nbsp;&nbsp;&nbsp;&nbsp; &nbsp;&nbsp;&nbsp;&nbsp;&nbsp;&nbsp;&nbsp;\u2013<strong> 27 km<\/strong><\/p>\n\n\n\n<p>13:15&nbsp;&nbsp;&nbsp;&nbsp;&nbsp;&nbsp;&nbsp;&nbsp;&nbsp;&nbsp;&nbsp; &nbsp;&nbsp;&nbsp;&nbsp;&nbsp;&nbsp;&nbsp;&nbsp;&nbsp;&nbsp;ob\u011bd\npenzion \u010cenkov<\/p>\n\n\n\n<p>14:15&nbsp;&nbsp;&nbsp;&nbsp;&nbsp;&nbsp;&nbsp;&nbsp;&nbsp;&nbsp; &nbsp;&nbsp;&nbsp;&nbsp;&nbsp;&nbsp;&nbsp;&nbsp;&nbsp;&nbsp;&nbsp;odjezd\n&nbsp;&#8211;&nbsp;\nSt\u00e1dleck\u00fd emp\u00edrov\u00fd \u0159et\u011bzov\u00fd most&nbsp;&nbsp;&nbsp;&nbsp;&nbsp;&nbsp;&nbsp;&nbsp;&nbsp;&nbsp;&nbsp;&nbsp;&nbsp;&nbsp;&nbsp;&nbsp;&nbsp;&nbsp;&nbsp;&nbsp;&nbsp;&nbsp;&nbsp;&nbsp; &nbsp;&nbsp;&nbsp;&nbsp;&nbsp;&nbsp;&nbsp;&nbsp;&nbsp;&nbsp;\u2013 <strong>6 km<\/strong><\/p>\n\n\n\n<p>15:00 \u2013\n15:30&nbsp; &nbsp;&nbsp;&nbsp;&nbsp;&nbsp;&nbsp;foto u \u0159et\u011bzov\u00e9ho mostu<\/p>\n\n\n\n<p>15:30&nbsp;&nbsp;&nbsp;&nbsp;&nbsp;&nbsp;&nbsp;&nbsp;&nbsp; &nbsp;&nbsp;&nbsp;&nbsp;&nbsp;&nbsp;&nbsp;&nbsp;&nbsp;&nbsp;&nbsp;&nbsp;&nbsp;odjezd\n&nbsp;\u2013 Bechyn\u011b Z\u00e1\u0159e\u010d\u00ed \u2013 n\u00e1v\u0161t\u011bva keramick\u00fdch\nd\u00edlen&nbsp;&nbsp;&nbsp;&nbsp;&nbsp; &nbsp;&nbsp;&nbsp;&nbsp;&nbsp;&nbsp;&nbsp;&nbsp;\u2013\n<strong>15 km<\/strong><\/p>\n\n\n\n<p>16:15 \u2013\n17:45&nbsp;&nbsp;&nbsp;&nbsp; &nbsp;&nbsp;&nbsp;exkurze spojen\u00e1 s&nbsp;n\u00e1kupem keramiky<\/p>\n\n\n\n<p>18:00 \u2013\n18:55&nbsp;&nbsp;&nbsp;&nbsp; &nbsp;&nbsp;&nbsp;&nbsp;odjezd na bechy\u0148sk\u00e9 n\u00e1m\u011bst\u00ed &#8211;&nbsp; ve\u010de\u0159e restaurace \u0160pajz&nbsp;&nbsp;&nbsp;&nbsp;&nbsp;&nbsp;&nbsp;&nbsp;&nbsp;&nbsp;&nbsp; &nbsp;&nbsp;&nbsp;\u2013<strong> 1 km<\/strong><\/p>\n\n\n\n<p>19:00&nbsp;&nbsp;&nbsp;&nbsp;&nbsp;&nbsp;&nbsp;&nbsp;&nbsp;&nbsp;&nbsp;&nbsp;&nbsp;&nbsp;&nbsp;&nbsp;&nbsp;&nbsp;&nbsp;&nbsp;&nbsp;&nbsp;&nbsp; odjezd&nbsp; penzion Golf &nbsp;&nbsp;&nbsp;&nbsp;&nbsp;&nbsp;&nbsp;&nbsp;&nbsp;&nbsp;&nbsp;&nbsp;&nbsp;&nbsp;&nbsp;&nbsp;&nbsp;&nbsp;&nbsp;&nbsp;&nbsp;&nbsp;&nbsp;&nbsp;&nbsp;&nbsp;&nbsp;&nbsp;&nbsp;&nbsp;&nbsp;&nbsp;&nbsp;&nbsp;&nbsp;&nbsp;&nbsp;&nbsp;&nbsp;&nbsp;&nbsp;&nbsp;&nbsp;&nbsp;&nbsp;&nbsp;&nbsp;&nbsp;&nbsp;&nbsp;&nbsp;&nbsp;&nbsp;&nbsp;&nbsp;&nbsp;&nbsp;&nbsp;&nbsp;&nbsp;&nbsp;&nbsp;&nbsp;&nbsp;&nbsp;&nbsp;&nbsp;&nbsp;&nbsp;&nbsp;&nbsp;&nbsp;&nbsp;&nbsp;&nbsp;&nbsp;&nbsp;\u2013<strong> 8 km<\/strong><\/p>\n\n\n\n<p>&nbsp;&nbsp;&nbsp;&nbsp;&nbsp;&nbsp;&nbsp;&nbsp;&nbsp;&nbsp;&nbsp;&nbsp;&nbsp;&nbsp;&nbsp;&nbsp;&nbsp;&nbsp;&nbsp;&nbsp;&nbsp;&nbsp;&nbsp;&nbsp;&nbsp;&nbsp;&nbsp;&nbsp;&nbsp;&nbsp;&nbsp;&nbsp; &nbsp;&nbsp;&nbsp;&nbsp;&nbsp;&nbsp;&nbsp;&nbsp;&nbsp;&nbsp;&nbsp;&nbsp;&nbsp;&nbsp;&nbsp;&nbsp;&nbsp;&nbsp;&nbsp;&nbsp;&nbsp;&nbsp;&nbsp;&nbsp;&nbsp;&nbsp;&nbsp;&nbsp;&nbsp;&nbsp;&nbsp;&nbsp;&nbsp;&nbsp;&nbsp;&nbsp;&nbsp;&nbsp;&nbsp;&nbsp;&nbsp;&nbsp;&nbsp;&nbsp;&nbsp;&nbsp;&nbsp;&nbsp;&nbsp;&nbsp;&nbsp;&nbsp;&nbsp;&nbsp;&nbsp;&nbsp;&nbsp;&nbsp;&nbsp;&nbsp;&nbsp;&nbsp;&nbsp;&nbsp;&nbsp;&nbsp;&nbsp;&nbsp;<strong>Celkov\u00fd denn\u00ed n\u00e1jezd bude 77 km ,<\/strong>19:20\n&#8211; \u2026\u2026.&nbsp;&nbsp;&nbsp;&nbsp;&nbsp;&nbsp;&nbsp;&nbsp;&nbsp;&nbsp;&nbsp;&nbsp;&nbsp; voln\u00e1 z\u00e1bava\n,odpo\u010dinek, vyu\u017eit\u00ed spole\u010densk\u00e9 m\u00edstnosti<\/p>\n\n\n\n<p>&nbsp;&nbsp;&nbsp;&nbsp;&nbsp;&nbsp;&nbsp;&nbsp;&nbsp;&nbsp;&nbsp;&nbsp;&nbsp;&nbsp;&nbsp;&nbsp;&nbsp;&nbsp;&nbsp;&nbsp;&nbsp;&nbsp;&nbsp;&nbsp;&nbsp;&nbsp;&nbsp;&nbsp;&nbsp;&nbsp;&nbsp;&nbsp;&nbsp;&nbsp;&nbsp;&nbsp;&nbsp; &nbsp;&nbsp;&nbsp;&nbsp;&nbsp;&nbsp;&nbsp;&nbsp;&nbsp;&nbsp;&nbsp;&nbsp;&nbsp;<strong>Ned\u011ble 22.6.&nbsp;&nbsp;&nbsp; <\/strong><strong><\/strong><\/p>\n\n\n\n<p>8:00 \u2013\n9:00&nbsp;&nbsp;&nbsp;&nbsp;&nbsp;&nbsp;&nbsp;&nbsp;&nbsp;&nbsp;&nbsp;&nbsp; sn\u00eddan\u011b v&nbsp;penzionu\nGolf <\/p>\n\n\n\n<p>9:30&nbsp;&nbsp;&nbsp;&nbsp;&nbsp;&nbsp;&nbsp;&nbsp;&nbsp;&nbsp;&nbsp;&nbsp;&nbsp;&nbsp;&nbsp;&nbsp;&nbsp;&nbsp;&nbsp;&nbsp;&nbsp;&nbsp;&nbsp;&nbsp; odjezd do leteck\u00e9ho\nmuzea-&nbsp; komentovan\u00e1 prohl\u00eddka&nbsp;&nbsp;&nbsp;&nbsp;&nbsp;&nbsp;&nbsp;&nbsp;&nbsp;&nbsp;&nbsp;&nbsp;&nbsp;&nbsp; &nbsp;&nbsp;\u2013 <strong>6 km<\/strong><\/p>\n\n\n\n<p>10:30&nbsp;&nbsp;&nbsp;&nbsp;&nbsp;&nbsp;&nbsp;&nbsp;&nbsp;&nbsp;&nbsp;&nbsp;&nbsp;&nbsp;&nbsp;&nbsp;&nbsp;&nbsp;&nbsp;&nbsp;&nbsp; odjezd do Bechyn\u011b na\nz\u00e1mek- komentovan\u00e1 prohl\u00eddka&nbsp;&nbsp;&nbsp;&nbsp;&nbsp;&nbsp;&nbsp;&nbsp;&nbsp;&nbsp;&nbsp;&nbsp;&nbsp;&nbsp;&nbsp;&nbsp;\n\u2013<strong>2 km<\/strong><\/p>\n\n\n\n<p>12:30&nbsp;&nbsp;&nbsp;&nbsp;&nbsp;&nbsp;&nbsp;&nbsp;&nbsp;&nbsp;&nbsp;&nbsp;&nbsp;&nbsp;&nbsp;&nbsp;&nbsp;&nbsp;&nbsp;&nbsp;&nbsp; ob\u011bd restaurace \u0160pajz<\/p>\n\n\n\n<p>13:30&nbsp;&nbsp;&nbsp;&nbsp;&nbsp;&nbsp;&nbsp;&nbsp;&nbsp;&nbsp;&nbsp;&nbsp;&nbsp;&nbsp;&nbsp;&nbsp;&nbsp;&nbsp;&nbsp;&nbsp;&nbsp;&nbsp; odjezd na penzion Golf a\nukon\u010den\u00ed &nbsp;&nbsp;&nbsp;&nbsp;&nbsp;&nbsp;&nbsp;&nbsp;&nbsp;&nbsp;&nbsp;&nbsp;&nbsp;&nbsp;&nbsp;&nbsp;&nbsp;&nbsp;&nbsp;&nbsp;&nbsp;&nbsp;&nbsp;&nbsp;&nbsp;&nbsp;&nbsp;&nbsp;&nbsp;&nbsp;&nbsp;&nbsp;&nbsp;&nbsp;&nbsp;&nbsp;&nbsp;&nbsp;&nbsp;&nbsp;&nbsp;&nbsp;&nbsp;&nbsp;&nbsp;&nbsp;&nbsp;&nbsp;&nbsp;&nbsp;&nbsp;&nbsp;&#8211;<strong>8 km<\/strong><\/p>\n\n\n\n<p>&nbsp;&nbsp;&nbsp;&nbsp;&nbsp;&nbsp;&nbsp;&nbsp;&nbsp;&nbsp;&nbsp;&nbsp;&nbsp;&nbsp;&nbsp;&nbsp;&nbsp;&nbsp;&nbsp;&nbsp;&nbsp;&nbsp;&nbsp;&nbsp;&nbsp;&nbsp;&nbsp;&nbsp;&nbsp;&nbsp;&nbsp; Zemsk\u00e9ho sjezdu\naut JAWA a p\u0159ed\u00e1n\u00ed&nbsp;&nbsp;&nbsp;&nbsp;&nbsp;&nbsp;&nbsp;&nbsp;&nbsp;&nbsp; &nbsp;&nbsp;&nbsp;&nbsp;&nbsp;&nbsp;&nbsp;&nbsp;&nbsp;&nbsp;&nbsp;&nbsp;&nbsp;&nbsp;&nbsp;&nbsp;&nbsp;&nbsp;&nbsp;&nbsp;&nbsp;&nbsp;&nbsp;&nbsp;&nbsp;&nbsp;&nbsp;&nbsp;&nbsp;&nbsp;&nbsp;&nbsp;&nbsp;&nbsp;&nbsp;&nbsp;&nbsp;&nbsp;&nbsp;&nbsp;&nbsp;&nbsp;&nbsp;&nbsp;&nbsp;&nbsp;&nbsp;&nbsp;&nbsp;<\/p>\n\n\n\n<p>&nbsp;&nbsp;&nbsp;&nbsp;&nbsp;&nbsp;&nbsp;&nbsp;&nbsp;&nbsp;&nbsp;&nbsp;&nbsp;&nbsp;&nbsp;&nbsp;&nbsp;&nbsp;&nbsp;&nbsp;&nbsp;&nbsp;&nbsp;&nbsp;&nbsp;&nbsp;&nbsp;&nbsp;&nbsp;&nbsp;&nbsp; upom\u00ednkov\u00fdch\np\u0159edm\u011bt\u016f \u00fa\u010dastn\u00edk\u016fm &nbsp;&nbsp;&nbsp;&nbsp;&nbsp;&nbsp;&nbsp;&nbsp;&nbsp;&nbsp;<strong>Celkov\u00fd denn\u00ed n\u00e1jezd 16 km&nbsp;&nbsp; <\/strong><\/p>\n\n\n\n<p><strong>Technick\u00e9 detaily.&nbsp;&nbsp; <\/strong><\/p>\n\n\n\n<p>Ubytov\u00e1n\u00ed:\ndvojl\u016f\u017ekov\u00fd pokoj+sn\u00eddan\u011b&nbsp; 990 K\u010d&nbsp; noc\/osoba<\/p>\n\n\n\n<p>&nbsp;&nbsp;&nbsp;&nbsp;&nbsp;&nbsp;&nbsp;&nbsp;&nbsp;&nbsp;&nbsp;&nbsp;&nbsp;&nbsp;&nbsp;&nbsp;&nbsp;&nbsp;&nbsp;&nbsp; jednol\u016f\u017ekov\u00fd pokoj+sn\u00eddan\u011b\n1&nbsp;290 K\u010d&nbsp; noc\/ osoba<\/p>\n\n\n\n<p>&nbsp;&nbsp;&nbsp;&nbsp;&nbsp;&nbsp;&nbsp;&nbsp;&nbsp;&nbsp;&nbsp;&nbsp;&nbsp;&nbsp;&nbsp;&nbsp;&nbsp;&nbsp;&nbsp;&nbsp; p\u0159ist\u00fdlka+sn\u00eddan\u011b&nbsp;&nbsp; 790 K\u010d&nbsp;&nbsp;\nnoc\/osoba<\/p>\n\n\n\n<p>Vstupy do\nv\u0161ech m\u00edst&nbsp; \u00fa\u010dastn\u00edci neplat\u00ed.<\/p>\n\n\n\n<p>Ob\u011bdy a ve\u010de\u0159e\nsi ka\u017ed\u00fd hrad\u00ed s\u00e1m<\/p>\n\n\n\n<p>Mapy na\njednotliv\u00e9 j\u00edzdy dostanou \u00fa\u010dastn\u00edci v&nbsp;p\u00e1tek ve\u010der 20.6. nebo v&nbsp;sobotu\nr\u00e1no 21.6.<\/p>\n\n\n\n<p>Odtahov\u00e1\nslu\u017eba v&nbsp;p\u0159\u00edpad\u011b poruchy vozidla na \u010d\u00edsle 792339923<\/p>\n\n\n\n<p><strong>Virtu\u00e1ln\u00ed prohl\u00eddky m\u00edst srazu je\nmo\u017eno internetov\u011b shl\u00e9dnout na t\u011bchto odkazech.<\/strong><\/p>\n\n\n\n<p>Panstv\u00ed\nBechyn\u011b<\/p>\n\n\n\n<p>Veter\u00e1n\nmuzeum Po\u0159e\u017eany<\/p>\n\n\n\n<p>Leteck\u00e9\nmuzeum &nbsp;&#8211; Nebe v&nbsp;plamenech<\/p>\n\n\n\n<p>St\u00e1dleck\u00fd\nmost<\/p>\n\n\n\n<p>Keramika\nBechyn\u011b <\/p>\n\n\n\n<p>Restaurace \u0160pajz\n<\/p>\n\n\n\n<p>&nbsp;Mo\u017enost zaji\u0161t\u011bn\u00ed na dal\u0161\u00ed dny &nbsp;soukrom\u00e9ho&nbsp; pobytu v&nbsp;Bechyni&nbsp; a&nbsp; n\u00e1v\u0161t\u011bv&nbsp; dal\u0161\u00edch nep\u0159ebern\u00fdch historick\u00fdch pam\u00e1tek a p\u0159\u00edrodn\u00edch m\u00edst v&nbsp;tomto regionu.  Registrovan\u00ed \u00fa\u010dastn\u00edci budou uvedeni na webu:<\/p>\n\n\n\n<ol class=\"wp-block-list\"><li>Jaroslav Antoni<\/li><li>Jan Balcar<\/li><li>Ji\u0159\u00ed Svoboda<\/li><li>Petr Lorenc<\/li><li>Ctirad V\u00edzek<\/li><li>Radek Pilek<\/li><\/ol>\n\n\n\n<p><\/p>\n\n\n\n<p><\/p>\n\n\n\n<p><\/p>\n\n\n\n<p><strong>Zemsk\u00fd sjezd automobil\u016f JAWA v&nbsp;Bechyni 20.6 \u2013 22.6. 2025<\/strong><\/p>\n\n\n\n<p><strong>&nbsp;&nbsp;&nbsp;&nbsp;&nbsp;&nbsp;&nbsp;&nbsp;&nbsp;&nbsp;&nbsp;&nbsp;&nbsp;&nbsp;&nbsp;&nbsp;&nbsp;&nbsp;&nbsp;&nbsp;&nbsp;&nbsp;&nbsp;&nbsp;&nbsp;&nbsp;&nbsp;&nbsp;&nbsp;&nbsp;&nbsp;&nbsp;&nbsp;&nbsp;&nbsp;&nbsp;&nbsp;&nbsp;&nbsp;&nbsp;&nbsp;&nbsp;&nbsp; <\/strong>&nbsp;&nbsp;<strong>P\u0159ihl\u00e1\u0161ka<\/strong><\/p>\n\n\n\n<p>\u00da\u010dastn\u00edk\u2026\u2026\u2026\u2026\u2026\u2026\u2026\u2026\u2026\u2026\u2026\u2026\u2026\u2026\u2026\u2026\u2026\u2026\u2026\u2026\u2026\u2026\u2026\u2026\u2026\u2026dal\u0161\u00ed\n\u00fa\u010dastn\u00edk&nbsp;&nbsp; ano-ne<\/p>\n\n\n\n<p>Adresa\u2026\u2026\u2026\u2026\u2026\u2026\u2026\u2026\u2026\u2026\u2026\u2026\u2026\u2026\u2026\u2026\u2026\u2026\u2026\u2026\u2026\u2026\u2026\u2026\u2026\u2026\u2026\u2026\u2026\u2026\u2026\u2026\u2026\u2026\u2026\u2026\u2026\u2026\u2026\u2026<\/p>\n\n\n\n<p>Telefon\u2026\u2026\u2026\u2026\u2026\u2026\u2026\u2026\u2026\u2026\u2026\u2026\u2026\u2026\u2026e-mail\u2026\u2026\u2026\u2026\u2026\u2026\u2026\u2026\u2026\u2026\u2026\u2026\u2026\u2026\u2026\u2026\u2026\u2026\u2026\u2026\u2026<\/p>\n\n\n\n<p>P\u0159\u00edjezd\nveter\u00e1nem:&nbsp; Ano&nbsp; &#8211;&nbsp; Ne<\/p>\n\n\n\n<p>Vozidlo- typ\n\u2026\u2026\u2026\u2026\u2026\u2026\u2026\u2026\u2026\u2026\u2026\u2026\u2026\u2026\u2026.<\/p>\n\n\n\n<p>Rok\nv\u00fdroby\u2026\u2026\u2026\u2026\u2026\u2026\u2026\u2026\u2026\u2026\u2026\u2026\u2026\u2026\u2026\u2026.<\/p>\n\n\n\n<p>Druh\nkaroserie\u2026\u2026\u2026\u2026\u2026\u2026\u2026\u2026\u2026\u2026\u2026\u2026\u2026\u2026<\/p>\n\n\n\n<p>P\u0159\u00edpadn\u00e9\nzaj\u00edmav\u00e9 sd\u011blen\u00ed k&nbsp;automobilu pro jeho prezentaci:<\/p>\n\n\n\n<p>Ve\u010de\u0159e\nv&nbsp;p\u00e1tek 20.6.&nbsp;&nbsp;&nbsp;&nbsp;&nbsp;&nbsp;&nbsp;&nbsp;&nbsp; &nbsp;&nbsp;&nbsp;&nbsp;ano&nbsp;\n&#8211;&nbsp; ne<\/p>\n\n\n\n<p>Ubytov\u00e1n\u00ed\nv&nbsp;p\u00e1tek 20.6.&nbsp;&nbsp;&nbsp;&nbsp;&nbsp; &nbsp;&nbsp;ano&nbsp; &#8211;&nbsp; ne<\/p>\n\n\n\n<p>Ob\u011bd\nv&nbsp;sobotu&nbsp; 21.6.&nbsp;&nbsp;&nbsp;&nbsp;&nbsp;&nbsp;&nbsp;&nbsp;&nbsp;&nbsp;&nbsp; &nbsp;&nbsp;ano&nbsp; &#8211;&nbsp; ne<\/p>\n\n\n\n<p>Ve\u010de\u0159e\nv&nbsp;sobotu 21.6.&nbsp;&nbsp;&nbsp;&nbsp;&nbsp;&nbsp;&nbsp;&nbsp;&nbsp; &nbsp;&nbsp;ano&nbsp; &#8211;&nbsp; ne<\/p>\n\n\n\n<p>Ubytov\u00e1n\u00ed\nv&nbsp;sobotu 21.6.&nbsp;&nbsp; &nbsp;&nbsp;&nbsp;ano&nbsp;\n&#8211;&nbsp; ne<\/p>\n\n\n\n<p>Ob\u011bd\nv&nbsp;ned\u011bli 22.6.&nbsp;&nbsp;&nbsp;&nbsp;&nbsp;&nbsp;&nbsp;&nbsp;&nbsp;&nbsp;&nbsp;&nbsp;&nbsp;&nbsp; &nbsp;&nbsp;ano&nbsp;\n&#8211;&nbsp; ne<\/p>\n\n\n\n<p>Sn\u00eddan\u011b je\nv&nbsp;cen\u011b ubytov\u00e1n\u00ed<\/p>\n\n\n\n<p><strong>Dal\u0161\u00ed sd\u011blen\u00ed<\/strong>:&nbsp;&nbsp;\nuz\u00e1v\u011brka p\u0159ihl\u00e1\u0161ek a zaplacen\u00ed 50% je do 17. 1.\n2025 dle v\u00fdb\u011bru pokoje a po\u010dtu noc\u00ed. Doplatek za ubytov\u00e1n\u00ed se bude platit a\u017e na\nm\u00edst\u011b. Platbu zas\u00edlat na \u010d\u00edslo \u00fa\u010dtu 513705153\/0800&nbsp; JAWA a jm\u00e9no \u00fa\u010dastn\u00edka!!!!!!!!<\/p>\n\n\n\n<p>Informace na\ntelefonu 775681199&nbsp; nebo email&nbsp; <a href=\"mailto:kovosvoboda@email.cz\">kovosvoboda@email.cz<\/a><\/p>\n\n\n\n<ol class=\"wp-block-list\"><li>P\u0159ehled p\u0159ihl\u00e1\u0161en\u00fdch:<\/li><\/ol>\n\n\n\n<ol class=\"wp-block-list\"><li><\/li><\/ol>\n\n\n\n<p><\/p>\n","protected":false},"excerpt":{"rendered":"<p>Zemsk\u00fd sjezd automobil\u016f&nbsp; JAWA v&nbsp;Bechyni 20.6.&nbsp; &#8211;&nbsp; 22.6. 2025 &nbsp;&nbsp;&nbsp;&nbsp;&nbsp;&nbsp;&nbsp;&nbsp;&nbsp;&nbsp;&nbsp;&nbsp;&nbsp;&nbsp;&nbsp;&nbsp;&nbsp;&nbsp;&nbsp;&nbsp;&nbsp;&nbsp;&nbsp;&nbsp;&nbsp;&nbsp;&nbsp;&nbsp; &nbsp;&nbsp;&nbsp;&nbsp;&nbsp;&nbsp;&nbsp;&nbsp;&nbsp;&nbsp;&nbsp;&nbsp;&nbsp;&nbsp;&nbsp;&nbsp;&nbsp;&nbsp;&nbsp;&nbsp;&nbsp;&nbsp;&nbsp;&nbsp;P\u00e1tek 20.6. 14:00 \u2013 17:00&nbsp; dojezd \u00fa\u010dastn\u00edk\u016f ke&nbsp;golfov\u00e9mu h\u0159i\u0161ti \u010cernick\u00e1 obora&nbsp;&nbsp;&nbsp;&nbsp;&nbsp;&nbsp;&nbsp;&nbsp;&nbsp;&nbsp;&nbsp;&nbsp;&nbsp;&nbsp;&nbsp;&nbsp;&nbsp;&nbsp;&nbsp;&nbsp;&nbsp;&nbsp;&nbsp;&nbsp;&nbsp;&nbsp;&nbsp;&nbsp;&nbsp;&nbsp;&nbsp;&nbsp; Sudom\u011b\u0159ice u Bechyn\u011b 43 &nbsp;&nbsp;&nbsp;&nbsp;&nbsp;&nbsp;&nbsp;Panstv\u00ed Bechyn\u011b 18:00 \u2013 19:00 &nbsp;gar\u00e1\u017eov\u00e1n\u00ed automobil\u016f u penzionu Golf 19:30&nbsp;&nbsp;&nbsp;&nbsp;&nbsp;&nbsp;&nbsp;&nbsp;&nbsp;&nbsp;&nbsp;&nbsp;&nbsp;&nbsp;&nbsp; ve\u010de\u0159e v penzionu Golf a ubytov\u00e1n\u00ed 20:30&nbsp;&nbsp;&nbsp;&nbsp; Beseda a&nbsp; prom\u00edt\u00e1n\u00ed s&nbsp;panem Petrem Ho\u0161\u0165\u00e1lkem (veter\u00e1nsk\u00fd muzejn\u00edk,\u00fa\u010dastn\u00edk mnoha z\u00e1vod\u016f a expedic- &hellip; <a href=\"https:\/\/www.autojawaklub.cz\/index.php\/2024\/10\/21\/pozvanka-na-akci-autojawaklubu\/\" class=\"more-link\">Pokra\u010dovat ve \u010dten\u00ed<span class=\"screen-reader-text\"> &#8222;Pozv\u00e1nka na akci Autojawaklubu&#8220;<\/span><\/a><\/p>\n","protected":false},"author":1,"featured_media":0,"comment_status":"closed","ping_status":"closed","sticky":false,"template":"","format":"standard","meta":{"ngg_post_thumbnail":0,"footnotes":""},"categories":[1],"tags":[],"class_list":["post-740","post","type-post","status-publish","format-standard","hentry","category-uncategorized"],"_links":{"self":[{"href":"https:\/\/www.autojawaklub.cz\/index.php\/wp-json\/wp\/v2\/posts\/740","targetHints":{"allow":["GET"]}}],"collection":[{"href":"https:\/\/www.autojawaklub.cz\/index.php\/wp-json\/wp\/v2\/posts"}],"about":[{"href":"https:\/\/www.autojawaklub.cz\/index.php\/wp-json\/wp\/v2\/types\/post"}],"author":[{"embeddable":true,"href":"https:\/\/www.autojawaklub.cz\/index.php\/wp-json\/wp\/v2\/users\/1"}],"replies":[{"embeddable":true,"href":"https:\/\/www.autojawaklub.cz\/index.php\/wp-json\/wp\/v2\/comments?post=740"}],"version-history":[{"count":3,"href":"https:\/\/www.autojawaklub.cz\/index.php\/wp-json\/wp\/v2\/posts\/740\/revisions"}],"predecessor-version":[{"id":752,"href":"https:\/\/www.autojawaklub.cz\/index.php\/wp-json\/wp\/v2\/posts\/740\/revisions\/752"}],"wp:attachment":[{"href":"https:\/\/www.autojawaklub.cz\/index.php\/wp-json\/wp\/v2\/media?parent=740"}],"wp:term":[{"taxonomy":"category","embeddable":true,"href":"https:\/\/www.autojawaklub.cz\/index.php\/wp-json\/wp\/v2\/categories?post=740"},{"taxonomy":"post_tag","embeddable":true,"href":"https:\/\/www.autojawaklub.cz\/index.php\/wp-json\/wp\/v2\/tags?post=740"}],"curies":[{"name":"wp","href":"https:\/\/api.w.org\/{rel}","templated":true}]}}