{"id":743,"date":"2024-11-13T09:07:25","date_gmt":"2024-11-13T09:07:25","guid":{"rendered":"http:\/\/www.autojawaklub.cz\/?p=743"},"modified":"2024-11-13T09:08:36","modified_gmt":"2024-11-13T09:08:36","slug":"zaverecna-schuze","status":"publish","type":"post","link":"https:\/\/www.autojawaklub.cz\/index.php\/2024\/11\/13\/zaverecna-schuze\/","title":{"rendered":"Z\u00e1v\u011bre\u010dn\u00e1 sch\u016fze"},"content":{"rendered":"\n<p>V\u00e1\u017een\u00ed kolegov\u00e9, p\u0159\u00edznivci voz\u016f Jawa<\/p>\n\n\n\n<p>jak jist\u011b\u00a0 v\u00edte na\u0161e z\u00e1v\u011bre\u010dn\u00e1 sch\u016fze prob\u011bhla v Hotelu Roztoky 4.10.2024 v tradi\u010dn\u00edm form\u00e1tu. Celkem bylo p\u0159\u00edtomno 22 \u010dlen\u016f \/v\u010detn\u011b doprovod\u016f\/ a host MUDr. V\u011btvi\u010dka. V \u00favodu zhodnotil p\u0159edseda akce, kter\u00e9 jsme v r\u00e1mci v\u00fdro\u010d\u00ed devades\u00e1ti let od zah\u00e1jen\u00ed v\u00fdroby automobil\u016f Jawa absolvovali a n\u011bkdy i po\u0159\u00e1dali. Prvn\u00ed akc\u00ed byly\u00a0dubnov\u00e9 &#8222;Automobilov\u00e9 klenoty&#8220;, hlavn\u00edm otganiz\u00e1torem byl n\u00e1\u0161 Jirka Martinka, v\u00fdstava byla na golfov\u00e9m h\u0159i\u0161ti v Praze Hostiva\u0159i. Kr\u00e1sn\u00e9 po\u010das\u00ed, v\u00fdborn\u00e1 organizace, \u00fa\u010dast 12 automobil\u016f<\/p>\n\n\n\n<p>Jawa. Bylo o n\u00e1s vzorn\u011b postar\u00e1no, velk\u00e9 d\u00edky Jirkovi Martinkovi. Druhou akc\u00ed bylo Sodomkovo Vysok\u00e9 M\u00fdto. Tradi\u010dn\u00ed m\u00edstn\u00ed akce, tentokr\u00e1t ale s na\u0161\u00edm po\u0159adatelstv\u00edm. Organizace se ujal Radek V\u00edzek s panem \u010cern\u00fdm, p\u0159edsedou m\u00edstn\u00edho klubu, kter\u00fd je tak\u00e9 na\u0161\u00edm \u010dlenem. V\u0161e bylo na vysok\u00e9 \u00farovni. Po p\u0159\u00edjezdu v p\u00e1tek ubytov\u00e1n\u00ed, pak n\u00e1sledovala spole\u010dn\u00e1 sch\u016fze s m\u00edstn\u00edmi organiz\u00e1tory, ve\u010de\u0159e, z\u00e1bava, druh\u00fd den po sn\u00eddani spole\u010dn\u00fd odjezd na n\u00e1m\u011bst\u00ed ve Vysok\u00e9m M\u00fdt\u011b kde pro n\u00e1s byla vy\u010dlen\u011bna asi \u010dtvrtina plochy uvnit\u0159 n\u00e1m\u011bst\u00ed, pozd\u011b odpoledne odjezd do st\u0159ediska Jangelec \/m\u00edsta ubytov\u00e1n\u00ed\/ spole\u010dn\u011b s m\u00edstn\u00edmi organiz\u00e1tory , spole\u010dn\u00e1 vyhodnocen\u00ed a p\u0159ed\u00e1n\u00ed cen \u00fa\u010dastn\u00edk\u016fm a spole\u010dn\u00e1 ve\u010de\u0159e.<\/p>\n\n\n\n<p>Je\u0161t\u011b jednou je nutno pod\u011bkovat organiz\u00e1tor\u016fm ale i v\u0161em na\u0161im \u010dlen\u016fm za vzornou reprezentaci Autojawa klubu.<\/p>\n\n\n\n<p>Dal\u0161\u00ed den jsme po sn\u00eddani odjeli na Veter\u00e1nskou akci do Kvasin, kter\u00e1 byla tak\u00e9 po\u0159\u00e1d\u00e1na v r\u00e1mci p\u0159ipomenut\u00ed v\u00fdro\u010d\u00ed zah\u00e1jen\u00ed v\u00fdroby automobil\u016f Jawa. Sice jsme se p\u0159i p\u0159esunu trochu zdr\u017eeli ale to neomlouv\u00e1 hlavn\u00edho po\u0159adatele, \u017ee pro n\u00e1s nebylo ani zaji\u0161t\u011bno pat\u0159i\u010dn\u00e9 m\u00edsto na n\u00e1dvo\u0159\u00ed z\u00e1mku.<\/p>\n\n\n\n<p>D\u00e1l si to ani nezaslou\u017e\u00ed komentovat.<\/p>\n\n\n\n<p>Posledn\u00ed na\u0161\u00ed spole\u010dnou \/dobrovolnou\/ akc\u00ed byla Litomy\u0161l. Na n\u00e1dvo\u0159\u00ed jsme postavili p\u011bt na\u0161ich Jawa t\u0159i se \u00fa\u010dastnily \u00fasp\u011b\u0161n\u011b sobotn\u00ed j\u00edzdy. V\u0161e m\u011blo jako v\u017edy vysokou \u00farove\u0148 za co jsme po\u0159adatel\u016fm pod\u011bkovali, zvl\u00e1\u0161tn\u00ed pod\u011bkov\u00e1n\u00ed pat\u0159\u00ed Petrovi Lorencovi, kter\u00fd pro n\u00e1s zase co bylo pot\u0159eba zajistil.<\/p>\n\n\n\n<p>Po bohat\u00e9 debat\u011b k na\u0161\u00ed \u010dinnosti v kon\u010d\u00edc\u00edm roce byla pauza na ob\u010dertven\u00ed.<\/p>\n\n\n\n<figure class=\"wp-block-image size-large\"><img loading=\"lazy\" decoding=\"async\" width=\"1024\" height=\"577\" src=\"https:\/\/www.autojawaklub.cz\/wp-content\/uploads\/2024\/11\/naschuzi-1024x577.jpg\" alt=\"\" class=\"wp-image-744\" srcset=\"https:\/\/www.autojawaklub.cz\/wp-content\/uploads\/2024\/11\/naschuzi-1024x577.jpg 1024w, https:\/\/www.autojawaklub.cz\/wp-content\/uploads\/2024\/11\/naschuzi-768x432.jpg 768w, https:\/\/www.autojawaklub.cz\/wp-content\/uploads\/2024\/11\/naschuzi-1536x865.jpg 1536w, https:\/\/www.autojawaklub.cz\/wp-content\/uploads\/2024\/11\/naschuzi-2048x1153.jpg 2048w, https:\/\/www.autojawaklub.cz\/wp-content\/uploads\/2024\/11\/naschuzi-1200x676.jpg 1200w\" sizes=\"auto, (max-width: 709px) 85vw, (max-width: 909px) 67vw, (max-width: 1362px) 62vw, 840px\" \/><\/figure>\n\n\n\n<p>N\u00e1sledn\u011b n\u00e1m MUDr. V\u011btvi\u010dka p\u0159ibl\u00ed\u017eil jeho p\u0159\u00edpravu auta Aero Minor Sport na j\u00edzdu Le Mans Retro a postup jeho pr\u00e1ce na replice auta Jawa 700 s kterou pan Vitvar jel v roce 1934 1000 mil \u010deskoslovensk\u00fdch a pan MUDr. V\u011btvi\u010dka s t\u00edmto autem \u00fasp\u011b\u0161n\u011b absolvoval leto\u0161n\u00edch 1000 mil. Bylo to velice zaj\u00edmav\u00e9 pov\u00edd\u00e1n\u00ed, panu doktorovi V\u011btvi\u010dkovi mnohokr\u00e1t d\u011bkujeme ale popisovat to nelze.<\/p>\n\n\n\n<p>\u00a0A nakonec jsme se dostali k pl\u00e1nu na p\u0159\u00ed\u0161t\u00ed rok. Na\u0161\u00ed hlavn\u00ed akc\u00ed bude b\u00fdt setk\u00e1n\u00ed v Ji\u017en\u00edch \u010cech\u00e1ch, kter\u00e9ho se ujal Jirka Svoboda. Tato akce prob\u011bhne v \u010dervnu v okol\u00ed Bechyn\u011b.<\/p>\n\n\n\n<p>Dal\u0161\u00ed na\u0161\u00ed spole\u010dnou akc\u00ed bude \u00fa\u010dast na j\u00edzd\u011b O poh\u00e1r hrab\u011bte Chotka v \u00dast\u00ed nad labem. Akci organizuje Radek Pilek, term\u00edn 1.5. a\u017e 3.5. podrobnosti za\u0161le Radek do konce ledna 2015.<\/p>\n\n\n\n<p>&nbsp;Zcela dobrovoln\u011b se asi n\u011bkolik na\u0161ich \u010dlen\u016f \u00fa\u010dastn\u00ed setk\u00e1n\u00ed v Ledc\u00edch a v Kvasin\u00e1ch \/ov\u0161em po d\u016frazn\u00e9 domluv\u011b a za na\u0161ich podm\u00ednek\/. Zajist\u00ed Antoni a Balcar, v\u0161e budeme \u0159e\u0161it po telefonu.<\/p>\n\n\n\n<p>Jako posledn\u00ed byl p\u0159ijat n\u00e1vrh uskute\u010dnit na\u0161i z\u00e1v\u011bre\u010dnou sch\u016fzi v roce 2025 na konci z\u00e1\u0159\u00ed nebo za\u010d\u00e1tkem \u0159\u00edjna a spojit to s vyj\u00ed\u017e\u010fkou s na\u0161imi Jawami &#8211; zajist\u00ed p\u0159edseda.<\/p>\n\n\n\n<p>&nbsp; &nbsp;Srde\u010dn\u011b v\u0161echny \u010dleny zdrav\u00ed p\u0159edseda Jarda Antoni.<\/p>\n","protected":false},"excerpt":{"rendered":"<p>V\u00e1\u017een\u00ed kolegov\u00e9, p\u0159\u00edznivci voz\u016f Jawa jak jist\u011b\u00a0 v\u00edte na\u0161e z\u00e1v\u011bre\u010dn\u00e1 sch\u016fze prob\u011bhla v Hotelu Roztoky 4.10.2024 v tradi\u010dn\u00edm form\u00e1tu. Celkem bylo p\u0159\u00edtomno 22 \u010dlen\u016f \/v\u010detn\u011b doprovod\u016f\/ a host MUDr. V\u011btvi\u010dka. V \u00favodu zhodnotil p\u0159edseda akce, kter\u00e9 jsme v r\u00e1mci v\u00fdro\u010d\u00ed devades\u00e1ti let od zah\u00e1jen\u00ed v\u00fdroby automobil\u016f Jawa absolvovali a n\u011bkdy i po\u0159\u00e1dali. Prvn\u00ed akc\u00ed byly\u00a0dubnov\u00e9 &hellip; <a href=\"https:\/\/www.autojawaklub.cz\/index.php\/2024\/11\/13\/zaverecna-schuze\/\" class=\"more-link\">Pokra\u010dovat ve \u010dten\u00ed<span class=\"screen-reader-text\"> &#8222;Z\u00e1v\u011bre\u010dn\u00e1 sch\u016fze&#8220;<\/span><\/a><\/p>\n","protected":false},"author":1,"featured_media":0,"comment_status":"closed","ping_status":"closed","sticky":false,"template":"","format":"standard","meta":{"ngg_post_thumbnail":0,"footnotes":""},"categories":[1],"tags":[],"class_list":["post-743","post","type-post","status-publish","format-standard","hentry","category-uncategorized"],"_links":{"self":[{"href":"https:\/\/www.autojawaklub.cz\/index.php\/wp-json\/wp\/v2\/posts\/743","targetHints":{"allow":["GET"]}}],"collection":[{"href":"https:\/\/www.autojawaklub.cz\/index.php\/wp-json\/wp\/v2\/posts"}],"about":[{"href":"https:\/\/www.autojawaklub.cz\/index.php\/wp-json\/wp\/v2\/types\/post"}],"author":[{"embeddable":true,"href":"https:\/\/www.autojawaklub.cz\/index.php\/wp-json\/wp\/v2\/users\/1"}],"replies":[{"embeddable":true,"href":"https:\/\/www.autojawaklub.cz\/index.php\/wp-json\/wp\/v2\/comments?post=743"}],"version-history":[{"count":3,"href":"https:\/\/www.autojawaklub.cz\/index.php\/wp-json\/wp\/v2\/posts\/743\/revisions"}],"predecessor-version":[{"id":748,"href":"https:\/\/www.autojawaklub.cz\/index.php\/wp-json\/wp\/v2\/posts\/743\/revisions\/748"}],"wp:attachment":[{"href":"https:\/\/www.autojawaklub.cz\/index.php\/wp-json\/wp\/v2\/media?parent=743"}],"wp:term":[{"taxonomy":"category","embeddable":true,"href":"https:\/\/www.autojawaklub.cz\/index.php\/wp-json\/wp\/v2\/categories?post=743"},{"taxonomy":"post_tag","embeddable":true,"href":"https:\/\/www.autojawaklub.cz\/index.php\/wp-json\/wp\/v2\/tags?post=743"}],"curies":[{"name":"wp","href":"https:\/\/api.w.org\/{rel}","templated":true}]}}