{"id":754,"date":"2025-01-06T14:13:54","date_gmt":"2025-01-06T14:13:54","guid":{"rendered":"http:\/\/www.autojawaklub.cz\/?p=754"},"modified":"2025-06-24T07:27:49","modified_gmt":"2025-06-24T07:27:49","slug":"upozorneni-na-nutnost-registrace-na-zemsky-sjezd-automobilu-jawa-20-6-22-6-2025","status":"publish","type":"post","link":"https:\/\/www.autojawaklub.cz\/index.php\/2025\/01\/06\/upozorneni-na-nutnost-registrace-na-zemsky-sjezd-automobilu-jawa-20-6-22-6-2025\/","title":{"rendered":"Zemsk\u00fd sjezd automobil\u016f Jawa 20.6.-22.6.2025"},"content":{"rendered":"\n<figure class=\"wp-block-image size-large\"><img decoding=\"async\" src=\"blob:https:\/\/www.autojawaklub.cz\/0c57ecff-96e2-45e1-bf37-d88c43018f45\" alt=\"\"\/><\/figure>\n\n\n\n<figure class=\"wp-block-image size-large\"><img loading=\"lazy\" decoding=\"async\" width=\"690\" height=\"1024\" src=\"https:\/\/www.autojawaklub.cz\/wp-content\/uploads\/2025\/01\/jawa-upozorn\u011bn\u00ed-1-690x1024.jpg\" alt=\"\" class=\"wp-image-759\" srcset=\"https:\/\/www.autojawaklub.cz\/wp-content\/uploads\/2025\/01\/jawa-upozorn\u011bn\u00ed-1-690x1024.jpg 690w, https:\/\/www.autojawaklub.cz\/wp-content\/uploads\/2025\/01\/jawa-upozorn\u011bn\u00ed-1-768x1139.jpg 768w, https:\/\/www.autojawaklub.cz\/wp-content\/uploads\/2025\/01\/jawa-upozorn\u011bn\u00ed-1-1036x1536.jpg 1036w, https:\/\/www.autojawaklub.cz\/wp-content\/uploads\/2025\/01\/jawa-upozorn\u011bn\u00ed-1-1381x2048.jpg 1381w, https:\/\/www.autojawaklub.cz\/wp-content\/uploads\/2025\/01\/jawa-upozorn\u011bn\u00ed-1-1200x1780.jpg 1200w, https:\/\/www.autojawaklub.cz\/wp-content\/uploads\/2025\/01\/jawa-upozorn\u011bn\u00ed-1-scaled.jpg 1726w\" sizes=\"auto, (max-width: 709px) 85vw, (max-width: 909px) 67vw, (max-width: 984px) 61vw, (max-width: 1362px) 45vw, 600px\" \/><\/figure>\n\n\n\n<p><strong>Zemsk\u00fd sjezd automobil\u016f&nbsp; JAWA v&nbsp;Bechyni 20.6.&nbsp; &#8211;&nbsp; 22.6. 2025<\/strong><\/p>\n\n\n\n<p>&nbsp;&nbsp;&nbsp;&nbsp;&nbsp;&nbsp;&nbsp;&nbsp;&nbsp;&nbsp;&nbsp;&nbsp;&nbsp;&nbsp;&nbsp;&nbsp;&nbsp;&nbsp;&nbsp;&nbsp;&nbsp;&nbsp;&nbsp;&nbsp;&nbsp;&nbsp;&nbsp;&nbsp;&nbsp;&nbsp;&nbsp;&nbsp;&nbsp;&nbsp;&nbsp;&nbsp;&nbsp;&nbsp;&nbsp;&nbsp;&nbsp;&nbsp;&nbsp;&nbsp;&nbsp;&nbsp;&nbsp;&nbsp;&nbsp;&nbsp;&nbsp;&nbsp;&nbsp;<strong>P\u00e1tek 20.6.<\/strong><\/p>\n\n\n\n<p>14:00 \u2013 17:00&nbsp; dojezd \u00fa\u010dastn\u00edk\u016f ke&nbsp;golfov\u00e9mu h\u0159i\u0161ti \u010cernick\u00e1 obora&nbsp;&nbsp;&nbsp;&nbsp;&nbsp;&nbsp;&nbsp;&nbsp;&nbsp;&nbsp;&nbsp;&nbsp;&nbsp;&nbsp;&nbsp;&nbsp;&nbsp;&nbsp;&nbsp;&nbsp;&nbsp;&nbsp;&nbsp;&nbsp;&nbsp;&nbsp;&nbsp;&nbsp;&nbsp;&nbsp;&nbsp;&nbsp; Sudom\u011b\u0159ice u Bechyn\u011b 43&nbsp;&nbsp;&nbsp;&nbsp;&nbsp;&nbsp;&nbsp; Panstv\u00ed Bechyn\u011b<\/p>\n\n\n\n<p>18:00 \u2013 19:00&nbsp; gar\u00e1\u017eov\u00e1n\u00ed automobil\u016f u penzionu Golf<\/p>\n\n\n\n<p>19:30&nbsp;&nbsp;&nbsp;&nbsp;&nbsp;&nbsp;&nbsp;&nbsp;&nbsp;&nbsp;&nbsp;&nbsp;&nbsp;&nbsp;&nbsp; ve\u010de\u0159e v penzionu Golf a ubytov\u00e1n\u00ed<\/p>\n\n\n\n<p>20:30&nbsp;&nbsp;&nbsp;&nbsp; Beseda a&nbsp; prom\u00edt\u00e1n\u00ed s&nbsp;panem Petrem Ho\u0161\u0165\u00e1lkem (veter\u00e1nsk\u00fd muzejn\u00edk,\u00fa\u010dastn\u00edk mnoha z\u00e1vod\u016f a expedic- Peking Pa\u0159\u00ed\u017e, hedv\u00e1bn\u00e1 stezka v&nbsp;\u010c\u00edn\u011b, bavor\u00e1kem do Stalingradu atd) v&nbsp;hlavn\u00edm s\u00e1le loveck\u00e9ho z\u00e1me\u010dku-vedle penzionu Golf&nbsp;&nbsp;&nbsp;<\/p>\n\n\n\n<p>&nbsp;&nbsp;&nbsp;&nbsp;&nbsp;&nbsp;&nbsp;&nbsp;&nbsp;&nbsp;&nbsp;&nbsp;&nbsp;&nbsp;&nbsp;&nbsp;&nbsp;&nbsp;&nbsp;&nbsp;&nbsp;&nbsp;&nbsp;&nbsp;&nbsp;&nbsp;&nbsp;&nbsp;&nbsp;&nbsp;&nbsp;&nbsp;&nbsp;&nbsp;&nbsp;&nbsp;&nbsp;&nbsp;&nbsp;&nbsp;&nbsp;&nbsp;&nbsp;&nbsp;&nbsp;&nbsp;&nbsp;&nbsp;&nbsp;&nbsp;&nbsp;&nbsp;&nbsp;&nbsp;<strong>Sobota 21.6.&nbsp;&nbsp;&nbsp;&nbsp;&nbsp;&nbsp;&nbsp;&nbsp;&nbsp;&nbsp;&nbsp;&nbsp;&nbsp;&nbsp;&nbsp;&nbsp;&nbsp;&nbsp;&nbsp;&nbsp;&nbsp;&nbsp;&nbsp;&nbsp;&nbsp;&nbsp;&nbsp;&nbsp;&nbsp;&nbsp;&nbsp;&nbsp;&nbsp;&nbsp;&nbsp;&nbsp;&nbsp;&nbsp;&nbsp;&nbsp;&nbsp;&nbsp;&nbsp;&nbsp;&nbsp;&nbsp;&nbsp;&nbsp;&nbsp;&nbsp;&nbsp;<\/strong><\/p>\n\n\n\n<p>8:00 \u2013 9:00&nbsp;&nbsp;&nbsp;&nbsp;&nbsp;&nbsp;&nbsp;&nbsp;&nbsp;&nbsp; sn\u00eddan\u011b v&nbsp;penzionu Golf<\/p>\n\n\n\n<p>9:30&nbsp;&nbsp;&nbsp;&nbsp;&nbsp;&nbsp;&nbsp;&nbsp;&nbsp;&nbsp;&nbsp;&nbsp;&nbsp;&nbsp;&nbsp;&nbsp;&nbsp;&nbsp;&nbsp;&nbsp;&nbsp;&nbsp;&nbsp; odjez na v\u00fdlet&nbsp;&nbsp;&nbsp; &#8211; veter\u00e1n muzeum Po\u0159e\u017eany&nbsp;&nbsp;&nbsp;&nbsp;&nbsp;&nbsp;&nbsp;&nbsp;&nbsp;&nbsp;&nbsp;&nbsp;&nbsp;&nbsp;&nbsp;&nbsp;&nbsp;&nbsp;&nbsp;&nbsp;&nbsp;&nbsp;&nbsp;&nbsp;&nbsp;&nbsp;&nbsp;&nbsp;&nbsp;&nbsp;&nbsp;&nbsp; \u2013&nbsp;<strong>20 km<\/strong><\/p>\n\n\n\n<p>10:15 \u2013 12:15&nbsp;&nbsp;&nbsp;&nbsp;&nbsp;&nbsp;&nbsp; n\u00e1v\u0161t\u011bva veter\u00e1n muzea Po\u0159e\u017eany<\/p>\n\n\n\n<p>12:20&nbsp;&nbsp;&nbsp;&nbsp;&nbsp;&nbsp;&nbsp;&nbsp;&nbsp;&nbsp;&nbsp;&nbsp;&nbsp;&nbsp;&nbsp;&nbsp;&nbsp;&nbsp;&nbsp;&nbsp;&nbsp; odjezd na ob\u011bd&nbsp; \u2013 penzion \u010cenkov&nbsp;&nbsp;&nbsp;&nbsp;&nbsp;&nbsp;&nbsp;&nbsp;&nbsp;&nbsp;&nbsp;&nbsp;&nbsp;&nbsp;&nbsp;&nbsp;&nbsp;&nbsp;&nbsp;&nbsp;&nbsp;&nbsp;&nbsp;&nbsp;&nbsp;&nbsp;&nbsp;&nbsp;&nbsp;&nbsp;&nbsp;&nbsp;&nbsp;&nbsp;&nbsp;&nbsp;&nbsp;&nbsp;&nbsp;&nbsp;&nbsp;&nbsp;&nbsp;&nbsp;&nbsp;&nbsp;&nbsp;&nbsp;&nbsp;&nbsp; \u2013<strong>&nbsp;27 km<\/strong><\/p>\n\n\n\n<p>13:15&nbsp;&nbsp;&nbsp;&nbsp;&nbsp;&nbsp;&nbsp;&nbsp;&nbsp;&nbsp;&nbsp;&nbsp;&nbsp;&nbsp;&nbsp;&nbsp;&nbsp;&nbsp;&nbsp;&nbsp;&nbsp; ob\u011bd penzion \u010cenkov<\/p>\n\n\n\n<p>14:15&nbsp;&nbsp;&nbsp;&nbsp;&nbsp;&nbsp;&nbsp;&nbsp;&nbsp;&nbsp;&nbsp;&nbsp;&nbsp;&nbsp;&nbsp;&nbsp;&nbsp;&nbsp;&nbsp;&nbsp;&nbsp; odjezd&nbsp; &#8211;&nbsp; St\u00e1dleck\u00fd emp\u00edrov\u00fd \u0159et\u011bzov\u00fd most&nbsp;&nbsp;&nbsp;&nbsp;&nbsp;&nbsp;&nbsp;&nbsp;&nbsp;&nbsp;&nbsp;&nbsp;&nbsp;&nbsp;&nbsp;&nbsp;&nbsp;&nbsp;&nbsp;&nbsp;&nbsp;&nbsp;&nbsp;&nbsp;&nbsp;&nbsp;&nbsp;&nbsp;&nbsp;&nbsp;&nbsp;&nbsp;&nbsp;&nbsp; \u2013&nbsp;<strong>6 km<\/strong><\/p>\n\n\n\n<p>15:00 \u2013 15:30&nbsp;&nbsp;&nbsp;&nbsp;&nbsp;&nbsp;&nbsp; foto u \u0159et\u011bzov\u00e9ho mostu<\/p>\n\n\n\n<p>15:30&nbsp;&nbsp;&nbsp;&nbsp;&nbsp;&nbsp;&nbsp;&nbsp;&nbsp;&nbsp;&nbsp;&nbsp;&nbsp;&nbsp;&nbsp;&nbsp;&nbsp;&nbsp;&nbsp;&nbsp;&nbsp;&nbsp; odjezd&nbsp; \u2013 Bechyn\u011b Z\u00e1\u0159e\u010d\u00ed \u2013 n\u00e1v\u0161t\u011bva keramick\u00fdch d\u00edlen&nbsp;&nbsp;&nbsp;&nbsp;&nbsp;&nbsp;&nbsp;&nbsp;&nbsp;&nbsp;&nbsp;&nbsp;&nbsp; \u2013&nbsp;<strong>15 km<\/strong><\/p>\n\n\n\n<p>16:15 \u2013 17:45&nbsp;&nbsp;&nbsp;&nbsp;&nbsp;&nbsp;&nbsp; exkurze spojen\u00e1 s&nbsp;n\u00e1kupem keramiky<\/p>\n\n\n\n<p>18:00 \u2013 18:55&nbsp;&nbsp;&nbsp;&nbsp;&nbsp;&nbsp;&nbsp;&nbsp; odjezd na bechy\u0148sk\u00e9 n\u00e1m\u011bst\u00ed &#8211;&nbsp; ve\u010de\u0159e restaurace \u0160pajz&nbsp;&nbsp;&nbsp;&nbsp;&nbsp;&nbsp;&nbsp;&nbsp;&nbsp;&nbsp;&nbsp;&nbsp;&nbsp;&nbsp; \u2013<strong>&nbsp;1 km<\/strong><\/p>\n\n\n\n<p>19:00&nbsp;&nbsp;&nbsp;&nbsp;&nbsp;&nbsp;&nbsp;&nbsp;&nbsp;&nbsp;&nbsp;&nbsp;&nbsp;&nbsp;&nbsp;&nbsp;&nbsp;&nbsp;&nbsp;&nbsp;&nbsp;&nbsp;&nbsp; odjezd&nbsp; penzion Golf&nbsp;&nbsp;&nbsp;&nbsp;&nbsp;&nbsp;&nbsp;&nbsp;&nbsp;&nbsp;&nbsp;&nbsp;&nbsp;&nbsp;&nbsp;&nbsp;&nbsp;&nbsp;&nbsp;&nbsp;&nbsp;&nbsp;&nbsp;&nbsp;&nbsp;&nbsp;&nbsp;&nbsp;&nbsp;&nbsp;&nbsp;&nbsp;&nbsp;&nbsp;&nbsp;&nbsp;&nbsp;&nbsp;&nbsp;&nbsp;&nbsp;&nbsp;&nbsp;&nbsp;&nbsp;&nbsp;&nbsp;&nbsp;&nbsp;&nbsp;&nbsp;&nbsp;&nbsp;&nbsp;&nbsp;&nbsp;&nbsp;&nbsp;&nbsp;&nbsp;&nbsp;&nbsp;&nbsp;&nbsp;&nbsp;&nbsp;&nbsp;&nbsp;&nbsp;&nbsp;&nbsp;&nbsp;&nbsp;&nbsp;&nbsp;&nbsp;&nbsp; \u2013<strong>&nbsp;8 km<\/strong><\/p>\n\n\n\n<p>&nbsp;&nbsp;&nbsp;&nbsp;&nbsp;&nbsp;&nbsp;&nbsp;&nbsp;&nbsp;&nbsp;&nbsp;&nbsp;&nbsp;&nbsp;&nbsp;&nbsp;&nbsp;&nbsp;&nbsp;&nbsp;&nbsp;&nbsp;&nbsp;&nbsp;&nbsp;&nbsp;&nbsp;&nbsp;&nbsp;&nbsp;&nbsp;&nbsp;&nbsp;&nbsp;&nbsp;&nbsp;&nbsp;&nbsp;&nbsp;&nbsp;&nbsp;&nbsp;&nbsp;&nbsp;&nbsp;&nbsp;&nbsp;&nbsp;&nbsp;&nbsp;&nbsp;&nbsp;&nbsp;&nbsp;&nbsp;&nbsp;&nbsp;&nbsp;&nbsp;&nbsp;&nbsp;&nbsp;&nbsp;&nbsp;&nbsp;&nbsp;&nbsp;&nbsp;&nbsp;&nbsp;&nbsp;&nbsp;&nbsp;&nbsp;&nbsp;&nbsp;&nbsp;&nbsp;&nbsp;&nbsp;&nbsp;&nbsp;&nbsp;&nbsp;&nbsp;&nbsp;&nbsp;&nbsp;&nbsp;&nbsp;&nbsp;&nbsp;&nbsp;&nbsp;&nbsp;&nbsp;&nbsp;&nbsp;&nbsp;&nbsp;<strong>Celkov\u00fd denn\u00ed n\u00e1jezd bude 77 km ,<\/strong>19:20 &#8211; \u2026\u2026.&nbsp;&nbsp;&nbsp;&nbsp;&nbsp;&nbsp;&nbsp;&nbsp;&nbsp;&nbsp;&nbsp;&nbsp;&nbsp; voln\u00e1 z\u00e1bava ,odpo\u010dinek, vyu\u017eit\u00ed spole\u010densk\u00e9 m\u00edstnosti<\/p>\n\n\n\n<p>&nbsp;&nbsp;&nbsp;&nbsp;&nbsp;&nbsp;&nbsp;&nbsp;&nbsp;&nbsp;&nbsp;&nbsp;&nbsp;&nbsp;&nbsp;&nbsp;&nbsp;&nbsp;&nbsp;&nbsp;&nbsp;&nbsp;&nbsp;&nbsp;&nbsp;&nbsp;&nbsp;&nbsp;&nbsp;&nbsp;&nbsp;&nbsp;&nbsp;&nbsp;&nbsp;&nbsp;&nbsp;&nbsp;&nbsp;&nbsp;&nbsp;&nbsp;&nbsp;&nbsp;&nbsp;&nbsp;&nbsp;&nbsp;&nbsp;&nbsp;&nbsp;<strong>Ned\u011ble 22.6.&nbsp;&nbsp;&nbsp;<\/strong><\/p>\n\n\n\n<p>8:00 \u2013 9:00&nbsp;&nbsp;&nbsp;&nbsp;&nbsp;&nbsp;&nbsp;&nbsp;&nbsp;&nbsp;&nbsp;&nbsp; sn\u00eddan\u011b v&nbsp;penzionu Golf<\/p>\n\n\n\n<p>9:30&nbsp;&nbsp;&nbsp;&nbsp;&nbsp;&nbsp;&nbsp;&nbsp;&nbsp;&nbsp;&nbsp;&nbsp;&nbsp;&nbsp;&nbsp;&nbsp;&nbsp;&nbsp;&nbsp;&nbsp;&nbsp;&nbsp;&nbsp;&nbsp; odjezd do leteck\u00e9ho muzea-&nbsp; komentovan\u00e1 prohl\u00eddka&nbsp;&nbsp;&nbsp;&nbsp;&nbsp;&nbsp;&nbsp;&nbsp;&nbsp;&nbsp;&nbsp;&nbsp;&nbsp;&nbsp;&nbsp;&nbsp; \u2013&nbsp;<strong>6 km<\/strong><\/p>\n\n\n\n<p>10:30&nbsp;&nbsp;&nbsp;&nbsp;&nbsp;&nbsp;&nbsp;&nbsp;&nbsp;&nbsp;&nbsp;&nbsp;&nbsp;&nbsp;&nbsp;&nbsp;&nbsp;&nbsp;&nbsp;&nbsp;&nbsp; odjezd do Bechyn\u011b na z\u00e1mek- komentovan\u00e1 prohl\u00eddka&nbsp;&nbsp;&nbsp;&nbsp;&nbsp;&nbsp;&nbsp;&nbsp;&nbsp;&nbsp;&nbsp;&nbsp;&nbsp;&nbsp;&nbsp;&nbsp; \u2013<strong>2 km<\/strong><\/p>\n\n\n\n<p>12:30&nbsp;&nbsp;&nbsp;&nbsp;&nbsp;&nbsp;&nbsp;&nbsp;&nbsp;&nbsp;&nbsp;&nbsp;&nbsp;&nbsp;&nbsp;&nbsp;&nbsp;&nbsp;&nbsp;&nbsp;&nbsp; ob\u011bd restaurace \u0160pajz<\/p>\n\n\n\n<p>13:30&nbsp;&nbsp;&nbsp;&nbsp;&nbsp;&nbsp;&nbsp;&nbsp;&nbsp;&nbsp;&nbsp;&nbsp;&nbsp;&nbsp;&nbsp;&nbsp;&nbsp;&nbsp;&nbsp;&nbsp;&nbsp;&nbsp; odjezd na penzion Golf a ukon\u010den\u00ed&nbsp;&nbsp;&nbsp;&nbsp;&nbsp;&nbsp;&nbsp;&nbsp;&nbsp;&nbsp;&nbsp;&nbsp;&nbsp;&nbsp;&nbsp;&nbsp;&nbsp;&nbsp;&nbsp;&nbsp;&nbsp;&nbsp;&nbsp;&nbsp;&nbsp;&nbsp;&nbsp;&nbsp;&nbsp;&nbsp;&nbsp;&nbsp;&nbsp;&nbsp;&nbsp;&nbsp;&nbsp;&nbsp;&nbsp;&nbsp;&nbsp;&nbsp;&nbsp;&nbsp;&nbsp;&nbsp;&nbsp;&nbsp;&nbsp;&nbsp;&nbsp;&nbsp; &#8211;<strong>8 km<\/strong><\/p>\n\n\n\n<p>&nbsp;&nbsp;&nbsp;&nbsp;&nbsp;&nbsp;&nbsp;&nbsp;&nbsp;&nbsp;&nbsp;&nbsp;&nbsp;&nbsp;&nbsp;&nbsp;&nbsp;&nbsp;&nbsp;&nbsp;&nbsp;&nbsp;&nbsp;&nbsp;&nbsp;&nbsp;&nbsp;&nbsp;&nbsp;&nbsp;&nbsp; Zemsk\u00e9ho sjezdu aut JAWA a p\u0159ed\u00e1n\u00ed&nbsp;&nbsp;&nbsp;&nbsp;&nbsp;&nbsp;&nbsp;&nbsp;&nbsp;&nbsp;&nbsp;&nbsp;&nbsp;&nbsp;&nbsp;&nbsp;&nbsp;&nbsp;&nbsp;&nbsp;&nbsp;&nbsp;&nbsp;&nbsp;&nbsp;&nbsp;&nbsp;&nbsp;&nbsp;&nbsp;&nbsp;&nbsp;&nbsp;&nbsp;&nbsp;&nbsp;&nbsp;&nbsp;&nbsp;&nbsp;&nbsp;&nbsp;&nbsp;&nbsp;&nbsp;&nbsp;&nbsp;&nbsp;&nbsp;&nbsp;&nbsp;&nbsp;&nbsp;&nbsp;&nbsp;&nbsp;&nbsp;&nbsp;&nbsp;<\/p>\n\n\n\n<p>&nbsp;&nbsp;&nbsp;&nbsp;&nbsp;&nbsp;&nbsp;&nbsp;&nbsp;&nbsp;&nbsp;&nbsp;&nbsp;&nbsp;&nbsp;&nbsp;&nbsp;&nbsp;&nbsp;&nbsp;&nbsp;&nbsp;&nbsp;&nbsp;&nbsp;&nbsp;&nbsp;&nbsp;&nbsp;&nbsp;&nbsp;&nbsp;upom\u00ednkov\u00fdch p\u0159edm\u011bt\u016f \u00fa\u010dastn\u00edk\u016fm&nbsp;&nbsp;&nbsp;&nbsp;&nbsp;&nbsp;&nbsp;&nbsp;&nbsp;&nbsp;&nbsp;<strong>Celkov\u00fd denn\u00ed n\u00e1jezd 16 km&nbsp;&nbsp;<\/strong><\/p>\n\n\n\n<p><strong>Technick\u00e9 detaily.&nbsp;&nbsp;<\/strong><\/p>\n\n\n\n<p>Ubytov\u00e1n\u00ed: dvojl\u016f\u017ekov\u00fd pokoj+sn\u00eddan\u011b&nbsp; 990 K\u010d&nbsp; noc\/osoba<\/p>\n\n\n\n<p>&nbsp;&nbsp;&nbsp;&nbsp;&nbsp;&nbsp;&nbsp;&nbsp;&nbsp;&nbsp;&nbsp;&nbsp;&nbsp;&nbsp;&nbsp;&nbsp;&nbsp;&nbsp;&nbsp;&nbsp; jednol\u016f\u017ekov\u00fd pokoj+sn\u00eddan\u011b 1&nbsp;290 K\u010d&nbsp; noc\/ osoba<\/p>\n\n\n\n<p>&nbsp;&nbsp;&nbsp;&nbsp;&nbsp;&nbsp;&nbsp;&nbsp;&nbsp;&nbsp;&nbsp;&nbsp;&nbsp;&nbsp;&nbsp;&nbsp;&nbsp;&nbsp;&nbsp;&nbsp; p\u0159ist\u00fdlka+sn\u00eddan\u011b&nbsp;&nbsp; 790 K\u010d&nbsp;&nbsp; noc\/osoba<\/p>\n\n\n\n<p>Vstupy do v\u0161ech m\u00edst&nbsp; \u00fa\u010dastn\u00edci neplat\u00ed.<\/p>\n\n\n\n<p>Ob\u011bdy a ve\u010de\u0159e si ka\u017ed\u00fd hrad\u00ed s\u00e1m<\/p>\n\n\n\n<p>Mapy na jednotliv\u00e9 j\u00edzdy dostanou \u00fa\u010dastn\u00edci v&nbsp;p\u00e1tek ve\u010der 20.6. nebo v&nbsp;sobotu r\u00e1no 21.6.<\/p>\n\n\n\n<p>Odtahov\u00e1 slu\u017eba v&nbsp;p\u0159\u00edpad\u011b poruchy vozidla na \u010d\u00edsle 792339923<\/p>\n\n\n\n<p><strong>Virtu\u00e1ln\u00ed prohl\u00eddky m\u00edst srazu je mo\u017eno internetov\u011b shl\u00e9dnout na t\u011bchto odkazech.<\/strong><\/p>\n\n\n\n<p>Panstv\u00ed Bechyn\u011b<\/p>\n\n\n\n<p>Veter\u00e1n muzeum Po\u0159e\u017eany<\/p>\n\n\n\n<p>Leteck\u00e9 muzeum&nbsp; &#8211; Nebe v&nbsp;plamenech<\/p>\n\n\n\n<p>St\u00e1dleck\u00fd most<\/p>\n\n\n\n<p>Keramika Bechyn\u011b<\/p>\n\n\n\n<p>Restaurace \u0160pajz<\/p>\n\n\n\n<p>&nbsp;Mo\u017enost zaji\u0161t\u011bn\u00ed na dal\u0161\u00ed dny&nbsp; soukrom\u00e9ho&nbsp; pobytu v&nbsp;Bechyni&nbsp; a&nbsp; n\u00e1v\u0161t\u011bv&nbsp; dal\u0161\u00edch nep\u0159ebern\u00fdch historick\u00fdch pam\u00e1tek a p\u0159\u00edrodn\u00edch m\u00edst v&nbsp;tomto regionu.<\/p>\n\n\n\n<p>Zat\u00edm se p\u0159ihl\u00e1sili a zaplatili tito p\u00e1nov\u00e9:<\/p>\n\n\n\n<p> Antony<br>Balcar<br>Lorenc<br>Svoboda<br>Christian<br>Hejtman<br>Pilek,Kadav\u00fd,V\u00edzek,Havel,\u0160efar,Seliger,Kos, Pa\u010des<\/p>\n\n\n\n<p><br><br><\/p>\n","protected":false},"excerpt":{"rendered":"<p>Zemsk\u00fd sjezd automobil\u016f&nbsp; JAWA v&nbsp;Bechyni 20.6.&nbsp; &#8211;&nbsp; 22.6. 2025 &nbsp;&nbsp;&nbsp;&nbsp;&nbsp;&nbsp;&nbsp;&nbsp;&nbsp;&nbsp;&nbsp;&nbsp;&nbsp;&nbsp;&nbsp;&nbsp;&nbsp;&nbsp;&nbsp;&nbsp;&nbsp;&nbsp;&nbsp;&nbsp;&nbsp;&nbsp;&nbsp;&nbsp;&nbsp;&nbsp;&nbsp;&nbsp;&nbsp;&nbsp;&nbsp;&nbsp;&nbsp;&nbsp;&nbsp;&nbsp;&nbsp;&nbsp;&nbsp;&nbsp;&nbsp;&nbsp;&nbsp;&nbsp;&nbsp;&nbsp;&nbsp;&nbsp;&nbsp;P\u00e1tek 20.6. 14:00 \u2013 17:00&nbsp; dojezd \u00fa\u010dastn\u00edk\u016f ke&nbsp;golfov\u00e9mu h\u0159i\u0161ti \u010cernick\u00e1 obora&nbsp;&nbsp;&nbsp;&nbsp;&nbsp;&nbsp;&nbsp;&nbsp;&nbsp;&nbsp;&nbsp;&nbsp;&nbsp;&nbsp;&nbsp;&nbsp;&nbsp;&nbsp;&nbsp;&nbsp;&nbsp;&nbsp;&nbsp;&nbsp;&nbsp;&nbsp;&nbsp;&nbsp;&nbsp;&nbsp;&nbsp;&nbsp; Sudom\u011b\u0159ice u Bechyn\u011b 43&nbsp;&nbsp;&nbsp;&nbsp;&nbsp;&nbsp;&nbsp; Panstv\u00ed Bechyn\u011b 18:00 \u2013 19:00&nbsp; gar\u00e1\u017eov\u00e1n\u00ed automobil\u016f u penzionu Golf 19:30&nbsp;&nbsp;&nbsp;&nbsp;&nbsp;&nbsp;&nbsp;&nbsp;&nbsp;&nbsp;&nbsp;&nbsp;&nbsp;&nbsp;&nbsp; ve\u010de\u0159e v penzionu Golf a ubytov\u00e1n\u00ed 20:30&nbsp;&nbsp;&nbsp;&nbsp; Beseda a&nbsp; prom\u00edt\u00e1n\u00ed s&nbsp;panem Petrem Ho\u0161\u0165\u00e1lkem (veter\u00e1nsk\u00fd muzejn\u00edk,\u00fa\u010dastn\u00edk mnoha z\u00e1vod\u016f a expedic- Peking &hellip; <a href=\"https:\/\/www.autojawaklub.cz\/index.php\/2025\/01\/06\/upozorneni-na-nutnost-registrace-na-zemsky-sjezd-automobilu-jawa-20-6-22-6-2025\/\" class=\"more-link\">Pokra\u010dovat ve \u010dten\u00ed<span class=\"screen-reader-text\"> &#8222;Zemsk\u00fd sjezd automobil\u016f Jawa 20.6.-22.6.2025&#8220;<\/span><\/a><\/p>\n","protected":false},"author":1,"featured_media":0,"comment_status":"closed","ping_status":"closed","sticky":false,"template":"","format":"standard","meta":{"ngg_post_thumbnail":0,"footnotes":""},"categories":[1],"tags":[],"class_list":["post-754","post","type-post","status-publish","format-standard","hentry","category-uncategorized"],"_links":{"self":[{"href":"https:\/\/www.autojawaklub.cz\/index.php\/wp-json\/wp\/v2\/posts\/754","targetHints":{"allow":["GET"]}}],"collection":[{"href":"https:\/\/www.autojawaklub.cz\/index.php\/wp-json\/wp\/v2\/posts"}],"about":[{"href":"https:\/\/www.autojawaklub.cz\/index.php\/wp-json\/wp\/v2\/types\/post"}],"author":[{"embeddable":true,"href":"https:\/\/www.autojawaklub.cz\/index.php\/wp-json\/wp\/v2\/users\/1"}],"replies":[{"embeddable":true,"href":"https:\/\/www.autojawaklub.cz\/index.php\/wp-json\/wp\/v2\/comments?post=754"}],"version-history":[{"count":7,"href":"https:\/\/www.autojawaklub.cz\/index.php\/wp-json\/wp\/v2\/posts\/754\/revisions"}],"predecessor-version":[{"id":804,"href":"https:\/\/www.autojawaklub.cz\/index.php\/wp-json\/wp\/v2\/posts\/754\/revisions\/804"}],"wp:attachment":[{"href":"https:\/\/www.autojawaklub.cz\/index.php\/wp-json\/wp\/v2\/media?parent=754"}],"wp:term":[{"taxonomy":"category","embeddable":true,"href":"https:\/\/www.autojawaklub.cz\/index.php\/wp-json\/wp\/v2\/categories?post=754"},{"taxonomy":"post_tag","embeddable":true,"href":"https:\/\/www.autojawaklub.cz\/index.php\/wp-json\/wp\/v2\/tags?post=754"}],"curies":[{"name":"wp","href":"https:\/\/api.w.org\/{rel}","templated":true}]}}