{"id":776,"date":"2025-05-06T06:28:24","date_gmt":"2025-05-06T06:28:24","guid":{"rendered":"http:\/\/www.autojawaklub.cz\/?p=776"},"modified":"2025-05-06T08:05:58","modified_gmt":"2025-05-06T08:05:58","slug":"jarni-setkani-v-usteku","status":"publish","type":"post","link":"https:\/\/www.autojawaklub.cz\/index.php\/2025\/05\/06\/jarni-setkani-v-usteku\/","title":{"rendered":"Jarn\u00ed Setk\u00e1n\u00ed v \u00da\u0161t\u011bku."},"content":{"rendered":"\n<p>Jarn\u00ed setk\u00e1n\u00ed majitel\u016f automobil\u016f Jawa 2025 prob\u011bhlo v p\u0159\u00e1telsk\u00e9 atmosf\u00e9\u0159e a bez jedin\u00e9ho z\u00e1drhelu.<\/p>\n\n\n\n<p>Ve dnech 2. a 4. kv\u011btna se v malebn\u00e9m prost\u0159ed\u00ed severn\u00edch \u010cech uskute\u010dnil prvn\u00ed leto\u0161n\u00ed sraz majitel\u016f historick\u00fdch automobil\u016f zna\u010dky Jawa. Akce, kter\u00e1 odstartovala u hotelu Racek v \u00da\u0161t\u011bku, nab\u00eddla bohat\u00fd program i nezapomenutelnou atmosf\u00e9ru.<\/p>\n\n\n\n<p>B\u011bhem v\u00edkendu 10 \u010dlen\u016f Autojawaklubu s doprovodem a 6 vozy JAWA MINOR vyslechlo poutavou p\u0159edn\u00e1\u0161ku d\u011b\u010d\u00ednsk\u00e9ho archiv\u00e1\u0159e Jana N\u011bmce, nav\u0161t\u00edvili motocyklov\u00e9 muzeum Achilles, z\u00e1mek v Bene\u0161ov\u011b nad Plou\u010dnic\u00ed, z\u00e1mek ve Velk\u00e9m B\u0159ezn\u011b a muze\u00e1ln\u00ed \u017eelezni\u010dn\u00ed tra\u0165 v Zubrnic\u00edch. Cel\u00e1 ud\u00e1lost se nesla ve velmi p\u0159\u00e1telsk\u00e9m duchu, b\u011bhem srazu panovala skv\u011bl\u00e1 n\u00e1lada a nechyb\u011blo ani lehk\u00e9 dobrodru\u017estv\u00ed v podob\u011b siln\u00e9 bou\u0159ka, kter\u00e1 zastihla \u00fa\u010dastn\u00edky v sobotu odpoledne p\u0159i p\u0159ejezdu z D\u011b\u010d\u00edna do Zubrnic.<\/p>\n\n\n\n<p>Navzdory prom\u011bnliv\u00e9mu po\u010das\u00ed, kter\u00e9 je pro sever \u010cech a akce Radka Pilka tak typick\u00e9, v\u0161echny vozy absolvovaly trasu bez v\u00e1\u017en\u00e9 poruchy. \u00da\u010dastn\u00edci si tak u\u017eili 120 km za volanty voz\u016f Jawa, ale p\u0159edev\u0161\u00edm spoustu z\u00e1\u017eitk\u016f p\u0159i dal\u0161\u00edm spole\u010dn\u00e9m setk\u00e1n\u00ed \u010dlen\u016f na\u0161eho klubu.<\/p>\n\n\n\n<p>Podobn\u00e9 akce dokazuj\u00ed, \u017ee v\u00e1\u0161e\u0148 pro historick\u00e1 vozidla spojuje lidi nap\u0159\u00ed\u010d generacemi i regiony. D\u011bkujeme v\u0161em z\u00fa\u010dastn\u011bn\u00fdm a t\u011b\u0161\u00edme se na dal\u0161\u00ed spole\u010dn\u00e9 kilometry.<\/p>\n\n\n\n<figure class=\"wp-block-image size-large\"><img loading=\"lazy\" decoding=\"async\" width=\"1000\" height=\"563\" src=\"https:\/\/www.autojawaklub.cz\/wp-content\/uploads\/2025\/05\/20250503_103558.jpg\" alt=\"\" class=\"wp-image-777\" srcset=\"https:\/\/www.autojawaklub.cz\/wp-content\/uploads\/2025\/05\/20250503_103558.jpg 1000w, https:\/\/www.autojawaklub.cz\/wp-content\/uploads\/2025\/05\/20250503_103558-768x432.jpg 768w\" sizes=\"auto, (max-width: 709px) 85vw, (max-width: 909px) 67vw, (max-width: 1362px) 62vw, 840px\" \/><\/figure>\n\n\n\n<figure class=\"wp-block-image size-large\"><img loading=\"lazy\" decoding=\"async\" width=\"1000\" height=\"563\" src=\"https:\/\/www.autojawaklub.cz\/wp-content\/uploads\/2025\/05\/20250504_091112.jpg\" alt=\"\" class=\"wp-image-778\" srcset=\"https:\/\/www.autojawaklub.cz\/wp-content\/uploads\/2025\/05\/20250504_091112.jpg 1000w, https:\/\/www.autojawaklub.cz\/wp-content\/uploads\/2025\/05\/20250504_091112-768x432.jpg 768w\" sizes=\"auto, (max-width: 709px) 85vw, (max-width: 909px) 67vw, (max-width: 1362px) 62vw, 840px\" \/><\/figure>\n\n\n\n<figure class=\"wp-block-image size-large\"><img loading=\"lazy\" decoding=\"async\" width=\"1000\" height=\"563\" src=\"https:\/\/www.autojawaklub.cz\/wp-content\/uploads\/2025\/05\/20250504_094257.jpg\" alt=\"\" class=\"wp-image-779\" srcset=\"https:\/\/www.autojawaklub.cz\/wp-content\/uploads\/2025\/05\/20250504_094257.jpg 1000w, https:\/\/www.autojawaklub.cz\/wp-content\/uploads\/2025\/05\/20250504_094257-768x432.jpg 768w\" sizes=\"auto, (max-width: 709px) 85vw, (max-width: 909px) 67vw, (max-width: 1362px) 62vw, 840px\" \/><\/figure>\n\n\n\n<figure class=\"wp-block-image size-large\"><img loading=\"lazy\" decoding=\"async\" width=\"1000\" height=\"563\" src=\"https:\/\/www.autojawaklub.cz\/wp-content\/uploads\/2025\/05\/20250504_110052.jpg\" alt=\"\" class=\"wp-image-780\" srcset=\"https:\/\/www.autojawaklub.cz\/wp-content\/uploads\/2025\/05\/20250504_110052.jpg 1000w, https:\/\/www.autojawaklub.cz\/wp-content\/uploads\/2025\/05\/20250504_110052-768x432.jpg 768w\" sizes=\"auto, (max-width: 709px) 85vw, (max-width: 909px) 67vw, (max-width: 1362px) 62vw, 840px\" \/><\/figure>\n\n\n\n<figure class=\"wp-block-image size-large\"><img loading=\"lazy\" decoding=\"async\" width=\"1000\" height=\"563\" src=\"https:\/\/www.autojawaklub.cz\/wp-content\/uploads\/2025\/05\/20250504_094553.jpg\" alt=\"\" class=\"wp-image-781\" srcset=\"https:\/\/www.autojawaklub.cz\/wp-content\/uploads\/2025\/05\/20250504_094553.jpg 1000w, https:\/\/www.autojawaklub.cz\/wp-content\/uploads\/2025\/05\/20250504_094553-768x432.jpg 768w\" sizes=\"auto, (max-width: 709px) 85vw, (max-width: 909px) 67vw, (max-width: 1362px) 62vw, 840px\" \/><\/figure>\n\n\n\n<figure class=\"wp-block-image size-large\"><img loading=\"lazy\" decoding=\"async\" width=\"563\" height=\"1000\" src=\"https:\/\/www.autojawaklub.cz\/wp-content\/uploads\/2025\/05\/20250504_105806.jpg\" alt=\"\" class=\"wp-image-782\"\/><\/figure>\n\n\n\n<figure class=\"wp-block-image size-large\"><img loading=\"lazy\" decoding=\"async\" width=\"1000\" height=\"563\" src=\"https:\/\/www.autojawaklub.cz\/wp-content\/uploads\/2025\/05\/20250504_110109.jpg\" alt=\"\" class=\"wp-image-783\" srcset=\"https:\/\/www.autojawaklub.cz\/wp-content\/uploads\/2025\/05\/20250504_110109.jpg 1000w, https:\/\/www.autojawaklub.cz\/wp-content\/uploads\/2025\/05\/20250504_110109-768x432.jpg 768w\" sizes=\"auto, (max-width: 709px) 85vw, (max-width: 909px) 67vw, (max-width: 1362px) 62vw, 840px\" \/><\/figure>\n","protected":false},"excerpt":{"rendered":"<p>Jarn\u00ed setk\u00e1n\u00ed majitel\u016f automobil\u016f Jawa 2025 prob\u011bhlo v p\u0159\u00e1telsk\u00e9 atmosf\u00e9\u0159e a bez jedin\u00e9ho z\u00e1drhelu. Ve dnech 2. a 4. kv\u011btna se v malebn\u00e9m prost\u0159ed\u00ed severn\u00edch \u010cech uskute\u010dnil prvn\u00ed leto\u0161n\u00ed sraz majitel\u016f historick\u00fdch automobil\u016f zna\u010dky Jawa. Akce, kter\u00e1 odstartovala u hotelu Racek v \u00da\u0161t\u011bku, nab\u00eddla bohat\u00fd program i nezapomenutelnou atmosf\u00e9ru. B\u011bhem v\u00edkendu 10 \u010dlen\u016f Autojawaklubu s &hellip; <a href=\"https:\/\/www.autojawaklub.cz\/index.php\/2025\/05\/06\/jarni-setkani-v-usteku\/\" class=\"more-link\">Pokra\u010dovat ve \u010dten\u00ed<span class=\"screen-reader-text\"> &#8222;Jarn\u00ed Setk\u00e1n\u00ed v \u00da\u0161t\u011bku.&#8220;<\/span><\/a><\/p>\n","protected":false},"author":1,"featured_media":0,"comment_status":"closed","ping_status":"closed","sticky":false,"template":"","format":"standard","meta":{"ngg_post_thumbnail":0,"footnotes":""},"categories":[1],"tags":[],"class_list":["post-776","post","type-post","status-publish","format-standard","hentry","category-uncategorized"],"_links":{"self":[{"href":"https:\/\/www.autojawaklub.cz\/index.php\/wp-json\/wp\/v2\/posts\/776","targetHints":{"allow":["GET"]}}],"collection":[{"href":"https:\/\/www.autojawaklub.cz\/index.php\/wp-json\/wp\/v2\/posts"}],"about":[{"href":"https:\/\/www.autojawaklub.cz\/index.php\/wp-json\/wp\/v2\/types\/post"}],"author":[{"embeddable":true,"href":"https:\/\/www.autojawaklub.cz\/index.php\/wp-json\/wp\/v2\/users\/1"}],"replies":[{"embeddable":true,"href":"https:\/\/www.autojawaklub.cz\/index.php\/wp-json\/wp\/v2\/comments?post=776"}],"version-history":[{"count":2,"href":"https:\/\/www.autojawaklub.cz\/index.php\/wp-json\/wp\/v2\/posts\/776\/revisions"}],"predecessor-version":[{"id":786,"href":"https:\/\/www.autojawaklub.cz\/index.php\/wp-json\/wp\/v2\/posts\/776\/revisions\/786"}],"wp:attachment":[{"href":"https:\/\/www.autojawaklub.cz\/index.php\/wp-json\/wp\/v2\/media?parent=776"}],"wp:term":[{"taxonomy":"category","embeddable":true,"href":"https:\/\/www.autojawaklub.cz\/index.php\/wp-json\/wp\/v2\/categories?post=776"},{"taxonomy":"post_tag","embeddable":true,"href":"https:\/\/www.autojawaklub.cz\/index.php\/wp-json\/wp\/v2\/tags?post=776"}],"curies":[{"name":"wp","href":"https:\/\/api.w.org\/{rel}","templated":true}]}}