{"id":789,"date":"2025-06-02T05:24:54","date_gmt":"2025-06-02T05:24:54","guid":{"rendered":"http:\/\/www.autojawaklub.cz\/?p=789"},"modified":"2025-06-02T05:24:55","modified_gmt":"2025-06-02T05:24:55","slug":"predani-ceny-20-rocniku-dedecek-automobil","status":"publish","type":"post","link":"https:\/\/www.autojawaklub.cz\/index.php\/2025\/06\/02\/predani-ceny-20-rocniku-dedecek-automobil\/","title":{"rendered":"P\u0159ed\u00e1n\u00ed ceny  20.ro\u010dn\u00edku d\u011bde\u010dek automobil ."},"content":{"rendered":"\n<p>Dne 27.5 2025  bylo p\u0159ed\u00e1no ocen\u011bn\u00ed v\u00edt\u011bze 20. ro\u010dn\u00edku ankety D\u011bde\u010dek  automobil , v prostor\u00e1ch Sen\u00e1tu Parlamentu \u010cR, ing. Kudrnovi z Ostravy za n\u011bkolikan\u00e1sobn\u00e9 v\u00edt\u011bzstv\u00ed v kategorii do 750 ccm na voze Jawa Minor roadster. <strong>Blahop\u0159ejeme<\/strong>.<\/p>\n\n\n\n<figure class=\"wp-block-image size-large\"><img loading=\"lazy\" decoding=\"async\" width=\"1024\" height=\"768\" src=\"https:\/\/www.autojawaklub.cz\/wp-content\/uploads\/2025\/06\/1748840616454-1024x768.jpg\" alt=\"\" class=\"wp-image-791\" srcset=\"https:\/\/www.autojawaklub.cz\/wp-content\/uploads\/2025\/06\/1748840616454-1024x768.jpg 1024w, https:\/\/www.autojawaklub.cz\/wp-content\/uploads\/2025\/06\/1748840616454-768x576.jpg 768w, https:\/\/www.autojawaklub.cz\/wp-content\/uploads\/2025\/06\/1748840616454-1536x1152.jpg 1536w, https:\/\/www.autojawaklub.cz\/wp-content\/uploads\/2025\/06\/1748840616454-2048x1536.jpg 2048w, https:\/\/www.autojawaklub.cz\/wp-content\/uploads\/2025\/06\/1748840616454-1200x900.jpg 1200w\" sizes=\"auto, (max-width: 709px) 85vw, (max-width: 909px) 67vw, (max-width: 1362px) 62vw, 840px\" \/><\/figure>\n\n\n\n<figure class=\"wp-block-image size-large\"><img loading=\"lazy\" decoding=\"async\" width=\"1024\" height=\"768\" src=\"https:\/\/www.autojawaklub.cz\/wp-content\/uploads\/2025\/06\/IMG-20250601-WA0002-1-1024x768.jpg\" alt=\"\" class=\"wp-image-792\" srcset=\"https:\/\/www.autojawaklub.cz\/wp-content\/uploads\/2025\/06\/IMG-20250601-WA0002-1-1024x768.jpg 1024w, https:\/\/www.autojawaklub.cz\/wp-content\/uploads\/2025\/06\/IMG-20250601-WA0002-1-768x576.jpg 768w, https:\/\/www.autojawaklub.cz\/wp-content\/uploads\/2025\/06\/IMG-20250601-WA0002-1-1536x1152.jpg 1536w, https:\/\/www.autojawaklub.cz\/wp-content\/uploads\/2025\/06\/IMG-20250601-WA0002-1-1200x900.jpg 1200w, https:\/\/www.autojawaklub.cz\/wp-content\/uploads\/2025\/06\/IMG-20250601-WA0002-1.jpg 1600w\" sizes=\"auto, (max-width: 709px) 85vw, (max-width: 909px) 67vw, (max-width: 1362px) 62vw, 840px\" \/><\/figure>\n","protected":false},"excerpt":{"rendered":"<p>Dne 27.5 2025 bylo p\u0159ed\u00e1no ocen\u011bn\u00ed v\u00edt\u011bze 20. ro\u010dn\u00edku ankety D\u011bde\u010dek automobil , v prostor\u00e1ch Sen\u00e1tu Parlamentu \u010cR, ing. Kudrnovi z Ostravy za n\u011bkolikan\u00e1sobn\u00e9 v\u00edt\u011bzstv\u00ed v kategorii do 750 ccm na voze Jawa Minor roadster. Blahop\u0159ejeme.<\/p>\n","protected":false},"author":1,"featured_media":0,"comment_status":"closed","ping_status":"closed","sticky":false,"template":"","format":"standard","meta":{"ngg_post_thumbnail":0,"footnotes":""},"categories":[1],"tags":[],"class_list":["post-789","post","type-post","status-publish","format-standard","hentry","category-uncategorized"],"_links":{"self":[{"href":"https:\/\/www.autojawaklub.cz\/index.php\/wp-json\/wp\/v2\/posts\/789","targetHints":{"allow":["GET"]}}],"collection":[{"href":"https:\/\/www.autojawaklub.cz\/index.php\/wp-json\/wp\/v2\/posts"}],"about":[{"href":"https:\/\/www.autojawaklub.cz\/index.php\/wp-json\/wp\/v2\/types\/post"}],"author":[{"embeddable":true,"href":"https:\/\/www.autojawaklub.cz\/index.php\/wp-json\/wp\/v2\/users\/1"}],"replies":[{"embeddable":true,"href":"https:\/\/www.autojawaklub.cz\/index.php\/wp-json\/wp\/v2\/comments?post=789"}],"version-history":[{"count":1,"href":"https:\/\/www.autojawaklub.cz\/index.php\/wp-json\/wp\/v2\/posts\/789\/revisions"}],"predecessor-version":[{"id":793,"href":"https:\/\/www.autojawaklub.cz\/index.php\/wp-json\/wp\/v2\/posts\/789\/revisions\/793"}],"wp:attachment":[{"href":"https:\/\/www.autojawaklub.cz\/index.php\/wp-json\/wp\/v2\/media?parent=789"}],"wp:term":[{"taxonomy":"category","embeddable":true,"href":"https:\/\/www.autojawaklub.cz\/index.php\/wp-json\/wp\/v2\/categories?post=789"},{"taxonomy":"post_tag","embeddable":true,"href":"https:\/\/www.autojawaklub.cz\/index.php\/wp-json\/wp\/v2\/tags?post=789"}],"curies":[{"name":"wp","href":"https:\/\/api.w.org\/{rel}","templated":true}]}}