{"id":807,"date":"2025-06-24T07:57:00","date_gmt":"2025-06-24T07:57:00","guid":{"rendered":"http:\/\/www.autojawaklub.cz\/?p=807"},"modified":"2025-06-24T08:29:08","modified_gmt":"2025-06-24T08:29:08","slug":"zemsky-sraz-automobilu-jawa-v-bechyni-a-v-okoli","status":"publish","type":"post","link":"https:\/\/www.autojawaklub.cz\/index.php\/2025\/06\/24\/zemsky-sraz-automobilu-jawa-v-bechyni-a-v-okoli\/","title":{"rendered":"Zemsk\u00fd sraz automobil\u016f Jawa v Bechyni a v okol\u00ed."},"content":{"rendered":"\n<figure class=\"wp-block-image size-large\"><img loading=\"lazy\" decoding=\"async\" width=\"1024\" height=\"768\" src=\"https:\/\/www.autojawaklub.cz\/wp-content\/uploads\/2025\/06\/plaketabechyne-1024x768.jpg\" alt=\"\" class=\"wp-image-808\" srcset=\"https:\/\/www.autojawaklub.cz\/wp-content\/uploads\/2025\/06\/plaketabechyne-1024x768.jpg 1024w, https:\/\/www.autojawaklub.cz\/wp-content\/uploads\/2025\/06\/plaketabechyne-768x576.jpg 768w, https:\/\/www.autojawaklub.cz\/wp-content\/uploads\/2025\/06\/plaketabechyne-1536x1152.jpg 1536w, https:\/\/www.autojawaklub.cz\/wp-content\/uploads\/2025\/06\/plaketabechyne-2048x1536.jpg 2048w, https:\/\/www.autojawaklub.cz\/wp-content\/uploads\/2025\/06\/plaketabechyne-1200x900.jpg 1200w\" sizes=\"auto, (max-width: 709px) 85vw, (max-width: 909px) 67vw, (max-width: 1362px) 62vw, 840px\" \/><\/figure>\n\n\n\n<figure class=\"wp-block-image size-large\"><img loading=\"lazy\" decoding=\"async\" width=\"1024\" height=\"768\" src=\"https:\/\/www.autojawaklub.cz\/wp-content\/uploads\/2025\/06\/1750742846837-1024x768.jpg\" alt=\"\" class=\"wp-image-809\" srcset=\"https:\/\/www.autojawaklub.cz\/wp-content\/uploads\/2025\/06\/1750742846837-1024x768.jpg 1024w, https:\/\/www.autojawaklub.cz\/wp-content\/uploads\/2025\/06\/1750742846837-768x576.jpg 768w, https:\/\/www.autojawaklub.cz\/wp-content\/uploads\/2025\/06\/1750742846837-1536x1152.jpg 1536w, https:\/\/www.autojawaklub.cz\/wp-content\/uploads\/2025\/06\/1750742846837-2048x1536.jpg 2048w, https:\/\/www.autojawaklub.cz\/wp-content\/uploads\/2025\/06\/1750742846837-1200x900.jpg 1200w\" sizes=\"auto, (max-width: 709px) 85vw, (max-width: 909px) 67vw, (max-width: 1362px) 62vw, 840px\" \/><figcaption>Ing. Dick se svou Jawou 700 roadster dorazil z N\u011bmecka<\/figcaption><\/figure>\n\n\n\n<p>Do detailu propracovan\u00fd sraz automobil\u016f Jawa v Bechyni a okol\u00ed prob\u011bhl 20-22.6.2025. \u00da\u010dast 14 pos\u00e1dek p\u0159ekonala dosavadn\u00ed srazy. Blahop\u0159ejeme v\u0161em \u00fa\u010dastn\u00edk\u016fm. Obrovsk\u00e9 \u00fasil\u00ed pana Ji\u0159\u00edho Svobody p\u0159ineslo ovoce. Sraz se velmi vyda\u0159il a v\u0161e fungovalo, jak m\u011blo. D\u011bkujeme Jirko!<\/p>\n\n\n\n<figure class=\"wp-block-image size-large\"><img loading=\"lazy\" decoding=\"async\" width=\"1024\" height=\"774\" src=\"https:\/\/www.autojawaklub.cz\/wp-content\/uploads\/2025\/06\/1750663838839-1024x774.jpg\" alt=\"\" class=\"wp-image-812\" srcset=\"https:\/\/www.autojawaklub.cz\/wp-content\/uploads\/2025\/06\/1750663838839-1024x774.jpg 1024w, https:\/\/www.autojawaklub.cz\/wp-content\/uploads\/2025\/06\/1750663838839-768x580.jpg 768w, https:\/\/www.autojawaklub.cz\/wp-content\/uploads\/2025\/06\/1750663838839-1536x1161.jpg 1536w, https:\/\/www.autojawaklub.cz\/wp-content\/uploads\/2025\/06\/1750663838839-2048x1548.jpg 2048w, https:\/\/www.autojawaklub.cz\/wp-content\/uploads\/2025\/06\/1750663838839-1200x907.jpg 1200w\" sizes=\"auto, (max-width: 709px) 85vw, (max-width: 909px) 67vw, (max-width: 1362px) 62vw, 840px\" \/><figcaption>parkov\u00e1n\u00ed p\u0159ed muzeem v Po\u0159e\u017eanech<\/figcaption><\/figure>\n\n\n\n<figure class=\"wp-block-image size-large\"><img loading=\"lazy\" decoding=\"async\" width=\"1024\" height=\"755\" src=\"https:\/\/www.autojawaklub.cz\/wp-content\/uploads\/2025\/06\/1750663854318-1024x755.jpg\" alt=\"\" class=\"wp-image-813\" srcset=\"https:\/\/www.autojawaklub.cz\/wp-content\/uploads\/2025\/06\/1750663854318-1024x755.jpg 1024w, https:\/\/www.autojawaklub.cz\/wp-content\/uploads\/2025\/06\/1750663854318-768x566.jpg 768w, https:\/\/www.autojawaklub.cz\/wp-content\/uploads\/2025\/06\/1750663854318-1536x1133.jpg 1536w, https:\/\/www.autojawaklub.cz\/wp-content\/uploads\/2025\/06\/1750663854318-2048x1510.jpg 2048w, https:\/\/www.autojawaklub.cz\/wp-content\/uploads\/2025\/06\/1750663854318-1200x885.jpg 1200w\" sizes=\"auto, (max-width: 709px) 85vw, (max-width: 909px) 67vw, (max-width: 1362px) 62vw, 840px\" \/><figcaption>p\u0159\u00edjezd do muzea<\/figcaption><\/figure>\n\n\n\n<figure class=\"wp-block-image size-large\"><img loading=\"lazy\" decoding=\"async\" width=\"1024\" height=\"768\" src=\"https:\/\/www.autojawaklub.cz\/wp-content\/uploads\/2025\/06\/obr1-1024x768.jpg\" alt=\"\" class=\"wp-image-820\" srcset=\"https:\/\/www.autojawaklub.cz\/wp-content\/uploads\/2025\/06\/obr1-1024x768.jpg 1024w, https:\/\/www.autojawaklub.cz\/wp-content\/uploads\/2025\/06\/obr1-768x576.jpg 768w, https:\/\/www.autojawaklub.cz\/wp-content\/uploads\/2025\/06\/obr1-1536x1152.jpg 1536w, https:\/\/www.autojawaklub.cz\/wp-content\/uploads\/2025\/06\/obr1-2048x1536.jpg 2048w, https:\/\/www.autojawaklub.cz\/wp-content\/uploads\/2025\/06\/obr1-1200x900.jpg 1200w\" sizes=\"auto, (max-width: 709px) 85vw, (max-width: 909px) 67vw, (max-width: 1362px) 62vw, 840px\" \/><figcaption>Na Stadleck\u00e9m most\u011b<\/figcaption><\/figure>\n\n\n\n<figure class=\"wp-block-image size-large\"><img loading=\"lazy\" decoding=\"async\" width=\"1024\" height=\"768\" src=\"https:\/\/www.autojawaklub.cz\/wp-content\/uploads\/2025\/06\/obr3-1024x768.jpg\" alt=\"\" class=\"wp-image-822\" srcset=\"https:\/\/www.autojawaklub.cz\/wp-content\/uploads\/2025\/06\/obr3-1024x768.jpg 1024w, https:\/\/www.autojawaklub.cz\/wp-content\/uploads\/2025\/06\/obr3-768x576.jpg 768w, https:\/\/www.autojawaklub.cz\/wp-content\/uploads\/2025\/06\/obr3-1536x1152.jpg 1536w, https:\/\/www.autojawaklub.cz\/wp-content\/uploads\/2025\/06\/obr3-2048x1536.jpg 2048w, https:\/\/www.autojawaklub.cz\/wp-content\/uploads\/2025\/06\/obr3-1200x900.jpg 1200w\" sizes=\"auto, (max-width: 709px) 85vw, (max-width: 909px) 67vw, (max-width: 1362px) 62vw, 840px\" \/><figcaption>Jawa 700 na Stadleck\u00e9m most\u011b<\/figcaption><\/figure>\n\n\n\n<figure class=\"wp-block-image size-large\"><img loading=\"lazy\" decoding=\"async\" width=\"768\" height=\"1024\" src=\"https:\/\/www.autojawaklub.cz\/wp-content\/uploads\/2025\/06\/obr2-768x1024.jpg\" alt=\"\" class=\"wp-image-823\" srcset=\"https:\/\/www.autojawaklub.cz\/wp-content\/uploads\/2025\/06\/obr2-768x1024.jpg 768w, https:\/\/www.autojawaklub.cz\/wp-content\/uploads\/2025\/06\/obr2-1152x1536.jpg 1152w, https:\/\/www.autojawaklub.cz\/wp-content\/uploads\/2025\/06\/obr2-1536x2048.jpg 1536w, https:\/\/www.autojawaklub.cz\/wp-content\/uploads\/2025\/06\/obr2-1200x1600.jpg 1200w, https:\/\/www.autojawaklub.cz\/wp-content\/uploads\/2025\/06\/obr2-scaled.jpg 1920w\" sizes=\"auto, (max-width: 709px) 85vw, (max-width: 909px) 67vw, (max-width: 984px) 61vw, (max-width: 1362px) 45vw, 600px\" \/><figcaption>Vjezd na Stadleck\u00fd most<\/figcaption><\/figure>\n","protected":false},"excerpt":{"rendered":"<p>Do detailu propracovan\u00fd sraz automobil\u016f Jawa v Bechyni a okol\u00ed prob\u011bhl 20-22.6.2025. \u00da\u010dast 14 pos\u00e1dek p\u0159ekonala dosavadn\u00ed srazy. Blahop\u0159ejeme v\u0161em \u00fa\u010dastn\u00edk\u016fm. Obrovsk\u00e9 \u00fasil\u00ed pana Ji\u0159\u00edho Svobody p\u0159ineslo ovoce. Sraz se velmi vyda\u0159il a v\u0161e fungovalo, jak m\u011blo. D\u011bkujeme Jirko!<\/p>\n","protected":false},"author":1,"featured_media":0,"comment_status":"closed","ping_status":"closed","sticky":false,"template":"","format":"standard","meta":{"ngg_post_thumbnail":0,"footnotes":""},"categories":[1],"tags":[],"class_list":["post-807","post","type-post","status-publish","format-standard","hentry","category-uncategorized"],"_links":{"self":[{"href":"https:\/\/www.autojawaklub.cz\/index.php\/wp-json\/wp\/v2\/posts\/807","targetHints":{"allow":["GET"]}}],"collection":[{"href":"https:\/\/www.autojawaklub.cz\/index.php\/wp-json\/wp\/v2\/posts"}],"about":[{"href":"https:\/\/www.autojawaklub.cz\/index.php\/wp-json\/wp\/v2\/types\/post"}],"author":[{"embeddable":true,"href":"https:\/\/www.autojawaklub.cz\/index.php\/wp-json\/wp\/v2\/users\/1"}],"replies":[{"embeddable":true,"href":"https:\/\/www.autojawaklub.cz\/index.php\/wp-json\/wp\/v2\/comments?post=807"}],"version-history":[{"count":4,"href":"https:\/\/www.autojawaklub.cz\/index.php\/wp-json\/wp\/v2\/posts\/807\/revisions"}],"predecessor-version":[{"id":824,"href":"https:\/\/www.autojawaklub.cz\/index.php\/wp-json\/wp\/v2\/posts\/807\/revisions\/824"}],"wp:attachment":[{"href":"https:\/\/www.autojawaklub.cz\/index.php\/wp-json\/wp\/v2\/media?parent=807"}],"wp:term":[{"taxonomy":"category","embeddable":true,"href":"https:\/\/www.autojawaklub.cz\/index.php\/wp-json\/wp\/v2\/categories?post=807"},{"taxonomy":"post_tag","embeddable":true,"href":"https:\/\/www.autojawaklub.cz\/index.php\/wp-json\/wp\/v2\/tags?post=807"}],"curies":[{"name":"wp","href":"https:\/\/api.w.org\/{rel}","templated":true}]}}